{"id":163197,"date":"2017-05-18T08:03:20","date_gmt":"2017-05-18T06:03:20","guid":{"rendered":"http:\/\/www.fuldaer-nachrichten.de\/?p=163197"},"modified":"2017-05-18T08:03:20","modified_gmt":"2017-05-18T06:03:20","slug":"drei-neue-malteser-schulsanitaeter-an-der-konrad-adenauer-schule-begruesst","status":"publish","type":"post","link":"https:\/\/www.fuldaernachrichten.de\/?p=163197","title":{"rendered":"Drei neue Malteser-Schulsanit\u00e4ter an der Konrad-Adenauer-Schule begr\u00fc\u00dft"},"content":{"rendered":"<p>Drei \u201eNeue\u201c haben die Malteser-Schulsanit\u00e4ter der Konrad-Adenauer-Schule in Petersberg feierlich in ihren Reihen begr\u00fc\u00dft. 15 Sch\u00fcler engagieren sich jetzt in dieser Gruppe und stehen ihren Mitsch\u00fclern in den Pausen und bei Schulveranstaltungen in gesundheitlichen Notf\u00e4llen bei. <\/p>\n<p>Heiko Augner, Fachlehrer an der Schule und selbst Erste-Hilfe-Ausbilder, hatte die Jugendlichen seit Jahresbeginn in der Nachmittags-AG auf das anspruchsvolle Ehrenamt vorbereitet.  Augner freut sich \u00fcber das Engagement der Sch\u00fcler, die f\u00fcr Sicherheit an der Schule sorgen, im Notfall schnell und kompetent Hilfe leisten und N\u00e4chstenliebe vorleben. W\u00e4hrend die anderen Schulsanit\u00e4ter der Jahrgangsstufe 8 angeh\u00f6ren, kommt einer der neuen aus der 7. Klasse. Er ist mit gro\u00dfem Eifer dabei, so dass er bereits jetzt in die Schulsanit\u00e4tsgruppe aufgenommen werden konnte. <\/p>\n<p>Der Ortsbeauftragt der Malteser in Petersberg, Michael Kr\u00f6nung, freute sich \u00fcber den Zuwachs und lud die Sch\u00fcler in die neu gegr\u00fcndete Jugendgruppe am Petersberg ein.<br \/>\nDie Malteser- Di\u00f6zesanreferentin f\u00fcr die Schulsanit\u00e4tsdienste, Brigitta Br\u00e4hler-Fischer, \u00fcbergab den neuen Schulsanit\u00e4tern ihre Ernennungsurkunden und lobte ihr ehrenamtliches Engagement.<\/p>\n<p>Thorsten Eckstein von der Raiffeisenbank Petersberg, die den Schulsanit\u00e4tsdienst unterst\u00fctzt, wies darauf hin, wie wichtig es ist, dass Sch\u00fcler gut in Erster Hilfe ausgebildet sind und sich gegenseitig helfen k\u00f6nnen: &#8220;Das passt auch gut zum Konzept der Raiffeisenbanken: Hilfe zur Selbsthilfe&#8221;, so der Vertreter der Raiffeisenbank, der selbst sein Freiwilliges Soziales Jahr bei den Maltesern im Rettungsdienst absolviert hatte.<\/p>\n<p>Foto: Die neuen Schulsanit\u00e4ter der Konrad-Adenauer im Kreis ihrer Kollegen. Es gratulierten die Malteser-Di\u00f6zesanreferentin f\u00fcr die Schulsanit\u00e4tsdienste, Brigitta Br\u00e4hler-Fischer (links), Fachlehrer Heiko Augner (2. v. links),  Thorsten Eckstein von der Raiffeisenbank (rechts), und Malteser-Ortsbeauftragter Michael Kr\u00f6nung (3. v. rechts).<\/p>\n","protected":false},"excerpt":{"rendered":"<div class=\"tmnf_excerpt\"><p>Drei \u201eNeue\u201c haben die Malteser-Schulsanit\u00e4ter der Konrad-Adenauer-Schule in Petersberg feierlich in ihren Reihen begr\u00fc\u00dft. 15 Sch\u00fcler engagieren sich jetzt in dieser Gruppe und stehen ihren Mitsch\u00fclern in den Pausen und bei Schulveranstaltungen in gesundheitlichen Notf\u00e4llen bei. Heiko Augner, Fachlehrer an der Schule und selbst Erste-Hilfe-Ausbilder, hatte die Jugendlichen seit Jahresbeginn in der Nachmittags-AG auf das &hellip;<\/p>\n<\/div>","protected":false},"author":1,"featured_media":163204,"comment_status":"closed","ping_status":"closed","sticky":false,"template":"","format":"standard","meta":{"footnotes":""},"categories":[1],"tags":[],"class_list":["post-163197","post","type-post","status-publish","format-standard","has-post-thumbnail","hentry","category-startseite"],"_links":{"self":[{"href":"https:\/\/www.fuldaernachrichten.de\/index.php?rest_route=\/wp\/v2\/posts\/163197","targetHints":{"allow":["GET"]}}],"collection":[{"href":"https:\/\/www.fuldaernachrichten.de\/index.php?rest_route=\/wp\/v2\/posts"}],"about":[{"href":"https:\/\/www.fuldaernachrichten.de\/index.php?rest_route=\/wp\/v2\/types\/post"}],"author":[{"embeddable":true,"href":"https:\/\/www.fuldaernachrichten.de\/index.php?rest_route=\/wp\/v2\/users\/1"}],"replies":[{"embeddable":true,"href":"https:\/\/www.fuldaernachrichten.de\/index.php?rest_route=%2Fwp%2Fv2%2Fcomments&post=163197"}],"version-history":[{"count":1,"href":"https:\/\/www.fuldaernachrichten.de\/index.php?rest_route=\/wp\/v2\/posts\/163197\/revisions"}],"predecessor-version":[{"id":163205,"href":"https:\/\/www.fuldaernachrichten.de\/index.php?rest_route=\/wp\/v2\/posts\/163197\/revisions\/163205"}],"wp:featuredmedia":[{"embeddable":true,"href":"https:\/\/www.fuldaernachrichten.de\/index.php?rest_route=\/wp\/v2\/media\/163204"}],"wp:attachment":[{"href":"https:\/\/www.fuldaernachrichten.de\/index.php?rest_route=%2Fwp%2Fv2%2Fmedia&parent=163197"}],"wp:term":[{"taxonomy":"category","embeddable":true,"href":"https:\/\/www.fuldaernachrichten.de\/index.php?rest_route=%2Fwp%2Fv2%2Fcategories&post=163197"},{"taxonomy":"post_tag","embeddable":true,"href":"https:\/\/www.fuldaernachrichten.de\/index.php?rest_route=%2Fwp%2Fv2%2Ftags&post=163197"}],"curies":[{"name":"wp","href":"https:\/\/api.w.org\/{rel}","templated":true}]}}