{"id":163169,"date":"2017-05-16T08:12:01","date_gmt":"2017-05-16T06:12:01","guid":{"rendered":"http:\/\/www.fuldaer-nachrichten.de\/?p=163169"},"modified":"2017-05-16T08:12:01","modified_gmt":"2017-05-16T06:12:01","slug":"maria-patronin-der-einheit","status":"publish","type":"post","link":"https:\/\/www.fuldaernachrichten.de\/?p=163169","title":{"rendered":"Maria-Patronin der Einheit"},"content":{"rendered":"<p><a href=\"http:\/\/www.fuldaer-nachrichten.de\/wp-content\/uploads\/2017\/05\/\u00d6kumAndacht-2017-Pfarrer.jpg\"><img decoding=\"async\" src=\"http:\/\/www.fuldaer-nachrichten.de\/wp-content\/uploads\/2017\/05\/\u00d6kumAndacht-2017-Pfarrer-265x177.jpg\" alt=\"\" width=\"265\" height=\"177\" class=\"alignleft size-thumbnail wp-image-163176\" \/><\/a>Unter dem Motto: &#8220;Maria &#8211; Patronin der Einheit&#8221;, stand die erste \u00f6kumenische Andacht an der H\u00fcnhaner Mariengrotte.<\/p>\n<p>\u00dcber 60 Andachtsbesucher feierten mit Pfarrer Johannes Zechmeister, evang. und Pfarrer Franz Hilfenhaus, kath., mit besonders ausgew\u00e4hlten Texten, Gebeten und Liedern die erste \u00f6umenische Andacht an der Mariengrotte. Im Mittelpunkt der Andacht standen das Gebet um die Einheit der Christen und das gemeinsame Vaterunser.  In seiner Begr\u00fc\u00dfung erinnerte Vorsitzender G\u00fcnter Pilz, an die gemeinsame Bauzeit der neuen Grottenanlage in den Jahren 2005 bis 2007, wobei Christen beider Konfessionen mitgeholfen und gespendet haben. Ganzj\u00e4hrig finden Menschen den Weg zur Grotte, um in Stille zu verweilen oder ihre Anliegen der Muttergottes vorzutragen, so Pilz. Pfarrer Zechmeister und Pfarrer Hilfenhaus spendeten abschlie\u00dfend den konfessionellen Segen.<br \/>\nDie \u00f6kumenische Andacht soll k\u00fcnftig im Jahresprogramm des F\u00f6rderkreises fest eingebunden werden, um so einen Baustein zur F\u00f6rderung der Einheit beizutragen. <\/p>\n","protected":false},"excerpt":{"rendered":"<div class=\"tmnf_excerpt\"><p>Unter dem Motto: &#8220;Maria &#8211; Patronin der Einheit&#8221;, stand die erste \u00f6kumenische Andacht an der H\u00fcnhaner Mariengrotte. \u00dcber 60 Andachtsbesucher feierten mit Pfarrer Johannes Zechmeister, evang. und Pfarrer Franz Hilfenhaus, kath., mit besonders ausgew\u00e4hlten Texten, Gebeten und Liedern die erste \u00f6umenische Andacht an der Mariengrotte. Im Mittelpunkt der Andacht standen das Gebet um die Einheit &hellip;<\/p>\n<\/div>","protected":false},"author":1,"featured_media":163178,"comment_status":"closed","ping_status":"closed","sticky":false,"template":"","format":"standard","meta":{"footnotes":""},"categories":[1],"tags":[],"class_list":["post-163169","post","type-post","status-publish","format-standard","has-post-thumbnail","hentry","category-startseite"],"_links":{"self":[{"href":"https:\/\/www.fuldaernachrichten.de\/index.php?rest_route=\/wp\/v2\/posts\/163169","targetHints":{"allow":["GET"]}}],"collection":[{"href":"https:\/\/www.fuldaernachrichten.de\/index.php?rest_route=\/wp\/v2\/posts"}],"about":[{"href":"https:\/\/www.fuldaernachrichten.de\/index.php?rest_route=\/wp\/v2\/types\/post"}],"author":[{"embeddable":true,"href":"https:\/\/www.fuldaernachrichten.de\/index.php?rest_route=\/wp\/v2\/users\/1"}],"replies":[{"embeddable":true,"href":"https:\/\/www.fuldaernachrichten.de\/index.php?rest_route=%2Fwp%2Fv2%2Fcomments&post=163169"}],"version-history":[{"count":1,"href":"https:\/\/www.fuldaernachrichten.de\/index.php?rest_route=\/wp\/v2\/posts\/163169\/revisions"}],"predecessor-version":[{"id":163179,"href":"https:\/\/www.fuldaernachrichten.de\/index.php?rest_route=\/wp\/v2\/posts\/163169\/revisions\/163179"}],"wp:featuredmedia":[{"embeddable":true,"href":"https:\/\/www.fuldaernachrichten.de\/index.php?rest_route=\/wp\/v2\/media\/163178"}],"wp:attachment":[{"href":"https:\/\/www.fuldaernachrichten.de\/index.php?rest_route=%2Fwp%2Fv2%2Fmedia&parent=163169"}],"wp:term":[{"taxonomy":"category","embeddable":true,"href":"https:\/\/www.fuldaernachrichten.de\/index.php?rest_route=%2Fwp%2Fv2%2Fcategories&post=163169"},{"taxonomy":"post_tag","embeddable":true,"href":"https:\/\/www.fuldaernachrichten.de\/index.php?rest_route=%2Fwp%2Fv2%2Ftags&post=163169"}],"curies":[{"name":"wp","href":"https:\/\/api.w.org\/{rel}","templated":true}]}}