{"id":163167,"date":"2017-05-16T08:10:03","date_gmt":"2017-05-16T06:10:03","guid":{"rendered":"http:\/\/www.fuldaer-nachrichten.de\/?p=163167"},"modified":"2017-05-16T08:10:03","modified_gmt":"2017-05-16T06:10:03","slug":"referat-in-der-ehemaligen-synagoge-droht-ein-neuer-antisemitismus","status":"publish","type":"post","link":"https:\/\/www.fuldaernachrichten.de\/?p=163167","title":{"rendered":"Referat in der ehemaligen Synagoge: Droht ein neuer Antisemitismus?"},"content":{"rendered":"<p>Ricarda Steinbach, die Direktorin der Point Alpha Stiftung in Geisa, geht am kommenden Samstag, 20. Mai, der Frage nach, ob Deutschland und Europa ein neuer Antisemitismus droht. Schon 2015, nach den von islamistischen Terroristen ver\u00fcbten Anschl\u00e4gen auf die Redaktion der Satirezeitschrift Charlie Hebdo, gab es eine beachtliche Zahl j\u00fcdischer Franzosen,die ihre Koffer packten, um nach Israel auszuwandern. Der Hinweis auf die anti-israelische und antisemitische Grundhaltung vieler Menschen aus den Herkunftsl\u00e4ndern der Fl\u00fcchtlinge aus dem Mittelmeerraum hat reale Grundlagen. Welche Folgen hat das f\u00fcr das j\u00fcdische Leben hier? Welche Konsequenzen hat das beim Thema Integration? Was kann Politik tun? Was hei\u00dft das in einem Wahljahr? Die Veranstaltung beginnt um 19.30 Uhr; der Eintritt ist frei, es wird um eine Spende gebeten.<\/p>\n","protected":false},"excerpt":{"rendered":"<div class=\"tmnf_excerpt\"><p>Ricarda Steinbach, die Direktorin der Point Alpha Stiftung in Geisa, geht am kommenden Samstag, 20. Mai, der Frage nach, ob Deutschland und Europa ein neuer Antisemitismus droht. Schon 2015, nach den von islamistischen Terroristen ver\u00fcbten Anschl\u00e4gen auf die Redaktion der Satirezeitschrift Charlie Hebdo, gab es eine beachtliche Zahl j\u00fcdischer Franzosen,die ihre Koffer packten, um nach &hellip;<\/p>\n<\/div>","protected":false},"author":1,"featured_media":163173,"comment_status":"closed","ping_status":"closed","sticky":false,"template":"","format":"standard","meta":{"footnotes":""},"categories":[1],"tags":[],"class_list":["post-163167","post","type-post","status-publish","format-standard","has-post-thumbnail","hentry","category-startseite"],"_links":{"self":[{"href":"https:\/\/www.fuldaernachrichten.de\/index.php?rest_route=\/wp\/v2\/posts\/163167","targetHints":{"allow":["GET"]}}],"collection":[{"href":"https:\/\/www.fuldaernachrichten.de\/index.php?rest_route=\/wp\/v2\/posts"}],"about":[{"href":"https:\/\/www.fuldaernachrichten.de\/index.php?rest_route=\/wp\/v2\/types\/post"}],"author":[{"embeddable":true,"href":"https:\/\/www.fuldaernachrichten.de\/index.php?rest_route=\/wp\/v2\/users\/1"}],"replies":[{"embeddable":true,"href":"https:\/\/www.fuldaernachrichten.de\/index.php?rest_route=%2Fwp%2Fv2%2Fcomments&post=163167"}],"version-history":[{"count":1,"href":"https:\/\/www.fuldaernachrichten.de\/index.php?rest_route=\/wp\/v2\/posts\/163167\/revisions"}],"predecessor-version":[{"id":163174,"href":"https:\/\/www.fuldaernachrichten.de\/index.php?rest_route=\/wp\/v2\/posts\/163167\/revisions\/163174"}],"wp:featuredmedia":[{"embeddable":true,"href":"https:\/\/www.fuldaernachrichten.de\/index.php?rest_route=\/wp\/v2\/media\/163173"}],"wp:attachment":[{"href":"https:\/\/www.fuldaernachrichten.de\/index.php?rest_route=%2Fwp%2Fv2%2Fmedia&parent=163167"}],"wp:term":[{"taxonomy":"category","embeddable":true,"href":"https:\/\/www.fuldaernachrichten.de\/index.php?rest_route=%2Fwp%2Fv2%2Fcategories&post=163167"},{"taxonomy":"post_tag","embeddable":true,"href":"https:\/\/www.fuldaernachrichten.de\/index.php?rest_route=%2Fwp%2Fv2%2Ftags&post=163167"}],"curies":[{"name":"wp","href":"https:\/\/api.w.org\/{rel}","templated":true}]}}