{"id":163160,"date":"2017-05-16T08:08:46","date_gmt":"2017-05-16T06:08:46","guid":{"rendered":"http:\/\/www.fuldaer-nachrichten.de\/?p=163160"},"modified":"2017-05-16T08:08:46","modified_gmt":"2017-05-16T06:08:46","slug":"mediana-akademie-auf-wachstumskurs-mehr-kurse-zertifizierung-vom-tuev-rheinland-personelle-verstaerkung","status":"publish","type":"post","link":"https:\/\/www.fuldaernachrichten.de\/?p=163160","title":{"rendered":"Mediana Akademie auf Wachstumskurs &#8211; Mehr Kurse, Zertifizierung vom T\u00dcV Rheinland, personelle Verst\u00e4rkung"},"content":{"rendered":"<p>Ein gr\u00f6\u00dferes Angebot an Fort- und Weiterbildungen, die Zertifizierung nach der Akkreditierungs- und Zulassungsverordnung Arbeitsf\u00f6rderung (AZAV) und eine neue Pflegeexpertin im Team: Die Mediana Akademie verst\u00e4rkt sich und erweitert deutlich ihr Leistungsspektrum.<\/p>\n<p>\u201eDie Mediana Akademie \u00fcbernimmt nicht nur f\u00fcr unsere eigenen Mitarbeiter die berufliche Fortbildung, sie ist auch f\u00fcr viele externe Einrichtungen ein wichtiger Kooperationspartner in der Qualifikation von Mitarbeitern in der Pflege, Begleitung und Betreuung, insbesondere auch f\u00fcr F\u00fchrungskr\u00e4fte, Physiotherapeuten oder anderen therapeutischen Berufsgruppen\u201c, erl\u00e4utert Gesch\u00e4ftsf\u00fchrer Thorsten Roch und erg\u00e4nzt: \u201eUm weiterhin f\u00fcr sie attraktiv zu bleiben und f\u00fcr weitere attraktiv zu werden, streben wir bis zum Fr\u00fchherbst die AZAV-Zertifizierung an.\u201c <\/p>\n<p>Auf rund 80 Veranstaltungen im Jahr wird der Kurskatalog der Mediana Akademie anwachsen. \u201eDazu z\u00e4hlen Fortbildungen mit Experten zu Themen wie Demenz oder zu bestimmten Krankheitsbildern oder P\u00e4dagogische Tage f\u00fcr Praxisanleiter\u201c, gibt Akademie-Leiterin Patricia Bott einen Einblick. Die Kurse, die in Fulda und in H\u00fcnfeld stattfinden, werden zentral von der Akademie in Fulda organisiert. Sie richten sich an alle in den Mediana-Einrichtungen t\u00e4tigen Berufsgruppen, stehen aber genauso auch externen Fachkr\u00e4ften anderer Pflegeeinrichtungen offen. Zu den Fortbildungen kommen die bislang ebenfalls bew\u00e4hrten beruflichen Weiterbildungen und Qualifizierungen, wie die Ausbildung zur IHK-Pr\u00e4senzkraft und zum Betreuungsassistenten oder Pflegehelferkurse. Sie wurden bereits in der Vergangenheit etwa in Zusammenarbeit mit dem Kreisjobcenter \u00e4u\u00dferst erfolgreich angeboten.<br \/>\nDoch die Mediana-Akademie m\u00f6chte es nicht nur bei einem Mehr an Angeboten belassen: \u201eMit der AZAV-Zertifizierung wollen wir uns offiziell bescheinigen lassen, dass die Qualit\u00e4t der Angebote stimmt\u201c, f\u00fchrt Patricia Bott aus. Daf\u00fcr werden die eigenen Standards \u00fcberpr\u00fcft, \u00fcberarbeitet und dokumentiert, um den Anforderungen des Audits gerecht zu werden. Ist die Zertifizierung geschafft, k\u00f6nnen f\u00fcr die Fort- und Weiterbildungen der Mediana Akademie Bildungs- und Vermittlungsgutscheine eingel\u00f6st werden. \u201eBereits in der Vergangenheit gab es viele Interessenten, die gerne unsere Angebote wahrgenommen h\u00e4tten, aus finanziellen Gr\u00fcnden jedoch Abstand davon genommen haben\u201c, erkl\u00e4rt die Mediana Akademie-Leiterin. Sie ist selbst examinierte Altenpflegerin und Lehrerin f\u00fcr Pflegeberufe. Seit 14 Jahren ist sie in der Mediana Gruppe in unterschiedlichen F\u00fchrungspositionen t\u00e4tig und hat ma\u00dfgeblich am unternehmensweiten Erfolg mitgearbeitet.<\/p>\n<p>Nach der Zertifizierung wird sich somit auch die Zahl der Interessenten an Kursangeboten deutlich erh\u00f6hen, erwartet Bott. Doch dem Zufall will sie dies nicht \u00fcberlassen: Bis Fr\u00fchherbst soll der neue Kurskatalog ausgearbeitet sein. \u201eVorab schreiben wir jedoch langj\u00e4hrige Kooperationspartner an, die ihre W\u00fcnsche und Bed\u00fcrfnisse formulieren k\u00f6nnen \u2013 so wollen wir uns noch st\u00e4rker am Bedarf externer Partner orientieren.\u201c<\/p>\n<p>Um diesen selbst gesetzten, anspruchsvollen Zielen gerecht werden zu k\u00f6nnen, vergr\u00f6\u00dfert sich auch das Akademie-Team um Patricia Bott: \u201eWir freuen uns sehr, mit Barbara Burkhardt eine weitere ausgewiesene Expertin der Pflegebranche bei Mediana begr\u00fc\u00dfen zu d\u00fcrfen\u201c, hei\u00dft Gesch\u00e4ftsf\u00fchrer Bastian Hans die neue Mitarbeiterin willkommen. Barbara Burkhardt hat zuvor 16 Jahre lang eine Krankenpflegeschule in Bochum geleitet, ist selbst Lehrerin f\u00fcr Pflegeberufe und Fachkraft f\u00fcr Qualit\u00e4tsmanagement. Zuletzt war die 48-J\u00e4hrige Lehrerin f\u00fcr Pflegeberufe in der Fuldaer Caritas Altenpflegeschule.  Somit werden k\u00fcnftig 18 Festangestellte und freie Dozenten ihr geballtes Fachwissen der Mediana Akademie zur Verf\u00fcgung stellen.<br \/>\nBildunterschrift:  Mediana-Gesch\u00e4ftsf\u00fchrer Bastian Hans (v.l.), Barbara Burkhardt, neue Mitarbeiterin in der Mediana Akademie, Akademie-Leiterin Patricia Bott und Mediana-Gesch\u00e4ftsf\u00fchrer Thorsten Roch<\/p>\n","protected":false},"excerpt":{"rendered":"<div class=\"tmnf_excerpt\"><p>Ein gr\u00f6\u00dferes Angebot an Fort- und Weiterbildungen, die Zertifizierung nach der Akkreditierungs- und Zulassungsverordnung Arbeitsf\u00f6rderung (AZAV) und eine neue Pflegeexpertin im Team: Die Mediana Akademie verst\u00e4rkt sich und erweitert deutlich ihr Leistungsspektrum. \u201eDie Mediana Akademie \u00fcbernimmt nicht nur f\u00fcr unsere eigenen Mitarbeiter die berufliche Fortbildung, sie ist auch f\u00fcr viele externe Einrichtungen ein wichtiger Kooperationspartner &hellip;<\/p>\n<\/div>","protected":false},"author":1,"featured_media":163164,"comment_status":"closed","ping_status":"closed","sticky":false,"template":"","format":"standard","meta":{"footnotes":""},"categories":[1],"tags":[],"class_list":["post-163160","post","type-post","status-publish","format-standard","has-post-thumbnail","hentry","category-startseite"],"_links":{"self":[{"href":"https:\/\/www.fuldaernachrichten.de\/index.php?rest_route=\/wp\/v2\/posts\/163160","targetHints":{"allow":["GET"]}}],"collection":[{"href":"https:\/\/www.fuldaernachrichten.de\/index.php?rest_route=\/wp\/v2\/posts"}],"about":[{"href":"https:\/\/www.fuldaernachrichten.de\/index.php?rest_route=\/wp\/v2\/types\/post"}],"author":[{"embeddable":true,"href":"https:\/\/www.fuldaernachrichten.de\/index.php?rest_route=\/wp\/v2\/users\/1"}],"replies":[{"embeddable":true,"href":"https:\/\/www.fuldaernachrichten.de\/index.php?rest_route=%2Fwp%2Fv2%2Fcomments&post=163160"}],"version-history":[{"count":1,"href":"https:\/\/www.fuldaernachrichten.de\/index.php?rest_route=\/wp\/v2\/posts\/163160\/revisions"}],"predecessor-version":[{"id":163165,"href":"https:\/\/www.fuldaernachrichten.de\/index.php?rest_route=\/wp\/v2\/posts\/163160\/revisions\/163165"}],"wp:featuredmedia":[{"embeddable":true,"href":"https:\/\/www.fuldaernachrichten.de\/index.php?rest_route=\/wp\/v2\/media\/163164"}],"wp:attachment":[{"href":"https:\/\/www.fuldaernachrichten.de\/index.php?rest_route=%2Fwp%2Fv2%2Fmedia&parent=163160"}],"wp:term":[{"taxonomy":"category","embeddable":true,"href":"https:\/\/www.fuldaernachrichten.de\/index.php?rest_route=%2Fwp%2Fv2%2Fcategories&post=163160"},{"taxonomy":"post_tag","embeddable":true,"href":"https:\/\/www.fuldaernachrichten.de\/index.php?rest_route=%2Fwp%2Fv2%2Ftags&post=163160"}],"curies":[{"name":"wp","href":"https:\/\/api.w.org\/{rel}","templated":true}]}}