{"id":163153,"date":"2017-05-16T08:07:24","date_gmt":"2017-05-16T06:07:24","guid":{"rendered":"http:\/\/www.fuldaer-nachrichten.de\/?p=163153"},"modified":"2017-05-16T08:07:24","modified_gmt":"2017-05-16T06:07:24","slug":"pfingstfest-des-sv-buchonia-flieden-auch-in-diesem-jahr-ein-echtes-highlight-3","status":"publish","type":"post","link":"https:\/\/www.fuldaernachrichten.de\/?p=163153","title":{"rendered":"Pfingstfest des SV Buchonia Flieden \u2013 auch in diesem Jahr ein echtes Highlight"},"content":{"rendered":"<p>Das Pfingstfest in Flieden hat schon eine lange Tradition, denn das Wochenende mit Party, Musik und guter Laune hat zu Recht seinen festen Platz im Eventkalender Osthessens. Auch 2017 verspricht das Pfingstfest eine Veranstaltung der Superlative zu werden, die au\u00dfergew\u00f6hnliche Erlebnisse und Erinnerungen bieten wird &#8211; Erlebnisse, die man machen muss, um mitreden zu k\u00f6nnen und Erinnerungen, die so klingen wie: \u201eWisst ihr noch, damals beim Pfingstfest\u00e2\u20ac\u00a6?\u201c.<\/p>\n<p>Am Freitag (02.06.) steht bereits ein H\u00f6hepunkt an, denn ab 20 Uhr steigt die ROCKNACHT IM K\u00d6NIGREICH mit der Vorband \u201eBBC-Rock\u201c und der aus Fulda stammenden Band FAKE, die sich energiegeladen wie ihr Vorbild AC\/DC pr\u00e4sentiert. \u00c4u\u00dferst professionell und absolut originalgetreu werden die Songs der australischen Hardrocker dargeboten. Der Optik kommt zugute, dass die f\u00fcnf Musiker im klassischen AC\/DC Outfit (Schuluniform, Gitarren, usw.) auftreten. Der unverwechselbare Gitarrensound l\u00e4sst keinen Zweifel beim Publikum aufkommen &#8211; wie Angus Young fegt das Double an der Gitarre \u00fcber die B\u00fchne und sofort glaubt man den australischen &#8220;Gitarren-Derwisch&#8221; livehaftig vor sich zu haben. Bon Scott sei dem Grabe entstiegen, vermelden die Ohren. Der FA\/KE-S\u00e4nger leistet eine Vokalarbeit, die der Stimme seines Idols fast gleich kommt. &#8220;Highway to Hell&#8221; und &#8220;T.N.T.&#8221; feuert er ebenso treffend und original ins Mikro wie neuere Hits vom Kaliber &#8220;Thunderstruck&#8221;, &#8221; Ballbreaker&#8221; oder &#8220;Stiff upper Lip&#8221;. Mit seiner fesselnden Live-Show hat er jeden Fan sofort auf seiner Seite. Durch zahlreiche Elemente der original AC\/DC-Live Show, wobei auch ein Strip von (Fr)Angus Young und der &#8220;Moneytalks&#8221; Geldregen mit original FA\/KE Dollars nicht fehlen darf, konnte sich FA\/KE einen guten Namen im internationalen Raum erspielen. Die treibenden Riffs der AC\/DC Klassiker lassen jedes Konzert zu einer einzigartigen Party werden.<\/p>\n<p>Am Samstag (03.06.) steigt die f\u00fcnfte Mega-Schaumparty mit ZWEI DJ-Legenden aus unserer Region: DJ ERWIN und DJ M\u00c4H. Beginn ist um 21:00 Uhr. Wenn die Meister die Decks zum Gl\u00fchen bringen, dann kocht die Stimmung bis zum Siedepunkt und der Schaum wird sicher f\u00fcr die n\u00f6tige Abk\u00fchlung sorgen.<\/p>\n<p>Am Pfingstsonntag (04.06.) hei\u00dft es nach den ph\u00e4nomenalen Abenden in den letzten Jahren wieder \u201eO\u00e2\u20ac\u2122zapft is! Flieden geht ab!\u201c mit der Partyband OHLALA aus M\u00fcnchen, die ihre Zuh\u00f6rer bei jedem Termin mit Qualit\u00e4t, Esprit und Ausgelassenheit aufs Neue begeistert. Dabei wird bewusst auf Showeinlagen verzichtet, da das Publikum bei den Veranstaltungen erfahrungsgem\u00e4\u00df mitsingen und tanzen oder &#8211; ganz einfach ausgedr\u00fcckt &#8211; feiern will. OHLALA ist &#8211; wie die zahlreichen Referenzen (Top-Act auf dem Cannstatter Wasen und dem Lohrer Bierfest) beweisen &#8211; eine sehr gefragte Formation im In- und Ausland. Deshalb ist der SV Flieden stolz darauf, eine solche Band erneut verpflichten zu k\u00f6nnen. Egal ob Pop, Rock, Disco, Oldies, Schlager, Country, Reggae oder volkst\u00fcmliche Musik mit Stimmungs-Medleys: OHLALA bietet anspruchsvolle Musik f\u00fcr jeden Geschmack, die von den Musikern in verschiedener Instrumentierung live gespielt wird &#8211; ein nicht zu untersch\u00e4tzender Faktor heutzutage. Ab 21 Uhr spielen OHLALA im Partystadl am Festplatz Flieden. Dirndl und Lederhosen sind an diesem Abend gerne gesehen. <\/p>\n<p>Karten sind im Vorverkauf beim Reiseb\u00fcro Happ in Flieden zu einem Vorverkaufspreis von 10 Euro erh\u00e4ltlich. Im Preis enthalten ist ein reservierter Sitzplatz. An der Abendkasse werden nur noch Stehplatztickets erh\u00e4ltlich sein, die aber 12 Euro kosten. Z\u00f6gern Sie also nicht mehr lange, denn im letzten Jahr war die Veranstaltung im Vorverkauf bereits ausverkauft!<\/p>\n","protected":false},"excerpt":{"rendered":"<div class=\"tmnf_excerpt\"><p>Das Pfingstfest in Flieden hat schon eine lange Tradition, denn das Wochenende mit Party, Musik und guter Laune hat zu Recht seinen festen Platz im Eventkalender Osthessens. Auch 2017 verspricht das Pfingstfest eine Veranstaltung der Superlative zu werden, die au\u00dfergew\u00f6hnliche Erlebnisse und Erinnerungen bieten wird &#8211; Erlebnisse, die man machen muss, um mitreden zu k\u00f6nnen &hellip;<\/p>\n<\/div>","protected":false},"author":1,"featured_media":163161,"comment_status":"closed","ping_status":"closed","sticky":false,"template":"","format":"standard","meta":{"footnotes":""},"categories":[1],"tags":[],"class_list":["post-163153","post","type-post","status-publish","format-standard","has-post-thumbnail","hentry","category-startseite"],"_links":{"self":[{"href":"https:\/\/www.fuldaernachrichten.de\/index.php?rest_route=\/wp\/v2\/posts\/163153","targetHints":{"allow":["GET"]}}],"collection":[{"href":"https:\/\/www.fuldaernachrichten.de\/index.php?rest_route=\/wp\/v2\/posts"}],"about":[{"href":"https:\/\/www.fuldaernachrichten.de\/index.php?rest_route=\/wp\/v2\/types\/post"}],"author":[{"embeddable":true,"href":"https:\/\/www.fuldaernachrichten.de\/index.php?rest_route=\/wp\/v2\/users\/1"}],"replies":[{"embeddable":true,"href":"https:\/\/www.fuldaernachrichten.de\/index.php?rest_route=%2Fwp%2Fv2%2Fcomments&post=163153"}],"version-history":[{"count":1,"href":"https:\/\/www.fuldaernachrichten.de\/index.php?rest_route=\/wp\/v2\/posts\/163153\/revisions"}],"predecessor-version":[{"id":163163,"href":"https:\/\/www.fuldaernachrichten.de\/index.php?rest_route=\/wp\/v2\/posts\/163153\/revisions\/163163"}],"wp:featuredmedia":[{"embeddable":true,"href":"https:\/\/www.fuldaernachrichten.de\/index.php?rest_route=\/wp\/v2\/media\/163161"}],"wp:attachment":[{"href":"https:\/\/www.fuldaernachrichten.de\/index.php?rest_route=%2Fwp%2Fv2%2Fmedia&parent=163153"}],"wp:term":[{"taxonomy":"category","embeddable":true,"href":"https:\/\/www.fuldaernachrichten.de\/index.php?rest_route=%2Fwp%2Fv2%2Fcategories&post=163153"},{"taxonomy":"post_tag","embeddable":true,"href":"https:\/\/www.fuldaernachrichten.de\/index.php?rest_route=%2Fwp%2Fv2%2Ftags&post=163153"}],"curies":[{"name":"wp","href":"https:\/\/api.w.org\/{rel}","templated":true}]}}