{"id":163146,"date":"2017-05-16T08:05:15","date_gmt":"2017-05-16T06:05:15","guid":{"rendered":"http:\/\/www.fuldaer-nachrichten.de\/?p=163146"},"modified":"2017-05-16T08:05:15","modified_gmt":"2017-05-16T06:05:15","slug":"die-4-alsfelder-kulturtage-starten-am-18-5-mit-einer-lesung-und-enden-am-28-5-mit-jazz","status":"publish","type":"post","link":"https:\/\/www.fuldaernachrichten.de\/?p=163146","title":{"rendered":"Die 4. Alsfelder Kulturtage starten am 18.5. mit einer Lesung und enden am 28.5. mit Jazz"},"content":{"rendered":"<p>Nun geht es los! Am kommenden Donnerstag starten die 4. Alsfelder Kulturtage und bieten an elf Tagen mehr als drei\u00dfig Veranstaltungen von Lesungen \u00fcber Workshops bis hin zu Theater- und Tanzauff\u00fchrungen. Dazwischen kann man zu Fu\u00df die Stadt oder wahlweise die Natur erkunden, sich in Vortr\u00e4gen der Heimat oder dem Weltraum widmen, vier ganz unterschiedliche Ausstellungen genie\u00dfen und sich bei den verschiedensten Konzerten und manchem kulinarischen Genuss ein wenig zur\u00fccklehnen und erholen. Denn Kunst, das wusste ja schon Karl Valentin, ist sch\u00f6n, macht aber auch viel Arbeit. Ein Lied davon singen kann auch das vierk\u00f6pfige Organisationsteam der 4. Alsfelder Kulturtage, das sich nicht nur um die K\u00fcnstlerinnen und K\u00fcnstler k\u00fcmmern musste, sondern auch um deren \u00dcbernachtungsm\u00f6glichkeiten in der Fachwerkstadt, um den passenden Platz im Programm und in den vorhandenen Veranstaltungsr\u00e4umen und nat\u00fcrlich auch um kleine Geschenke f\u00fcr die mehr als 150 Teilnehmenden. Nun hei\u00dft es f\u00fcr alle Aktiven des Vereins Alsfelder Kulturtage e.V. Pr\u00e4senz zeigen und gleichzeitig auch versuchen, die vielf\u00e4ltige Kultur gemeinsam mit ihren G\u00e4sten auch ein wenig zu genie\u00dfen.<\/p>\n<p>Bei dem diesj\u00e4hrigen Programm sollte das kein Problem sein: Es ist voll von sehr verschiedenen Acts, die viele Geschm\u00e4cker ansprechen und Menschen jeden Alters auf die eine oder andere Veranstaltung locken d\u00fcrften. Den Auftakt macht am Donnerstag, dem 18. Mai, Dennis Gastmann. Der Autor liest um 20 Uhr im Autohaus Roth aus seinem Buch \u201eAtlas der unentdeckten L\u00e4nder\u201c und nimmt seine Zuh\u00f6rer mit auf eine Reise zu den Ausl\u00e4ufern der Zivilisation \u2013 die sich sicherlich nicht in Alsfeld befinden!<br \/>\nUnter dem Motto \u201eStadt \/ Land \u2013 Plus!\u201c treffen sich in der Fachwerkstadt in diesen Tagen eine Frankfurter documenta-K\u00fcnstlerin, F\u00f6rster und Vogelkundler, Autoren, Wissenschaftler, T\u00e4nzer, Filmemacher, Fotografen, Maler, viele, viele Musiker, Puppen und Puppenspieler, Schmuck- und Glasdesigner, eine Stadtf\u00fchrerin, Biographen und Philosophen und einige Menschen mehr, um den Alsfeldern und ihren G\u00e4sten den Wonnemonat unvergesslich zu machen. \u201eWir freuen uns sehr, dass es uns auch in diesem Jahr wieder gelungen ist, ganz ohne \u00f6ffentliche Mittel eine solche Veranstaltung in Alsfeld durchzuf\u00fchren\u201c, so Dr. Walter Windisch-Laube vom Orga-Team, der daf\u00fcr nicht nur seinem aktiven Vereinsteam dankt, sondern auch den vielen Sponsoren, die die Alsfelder Kulturtage mit ihrer Spende erst erm\u00f6glicht haben und somit ihrer Stadt Alsfeld eine ganz besondere Wertsch\u00e4tzung entgegenbringen. \u201eNat\u00fcrlich hat jede und jeder von uns seinen Favoriten unter den Veranstaltungen\u201c, so der k\u00fcnstlerische Beirat der Kulturtage, der sich neben anderem besonders auf die Ausstellung mit der documenta-K\u00fcnstlerin E. R. Nele freut. \u201eSo k\u00f6nnen wir auch aus vollen Herzen ein tolles, abwechslungsreiches Programm versprechen &#8211; zur Freude aller Alsfelder. Unter anderem wird es ein Wiedersehen mit der \u00e2\u20ac\u0161Regentrude\u00e2\u20ac\u02dc geben \u2013 wenn auch ein etwas anderes als man sie in Alsfeld kennt. Wir freuen uns auf sch\u00f6ne Ausstellungen, tolle Vernissagen und Konzerte, die es in sich haben.\u201c<\/p>\n<p>Den Abschluss der 4. Alsfelder Kulturtage bildet am 28.5. fast schon traditionell der in Heimertshausen ans\u00e4ssige Jazzmusiker Trevor Richards, der mit seinen Freunden in den Sonnenuntergang hinein spielen wird.<\/p>\n<p>Flyer zum Programm liegen in Alsfeld und Umgebung aus. Viele interessante Informationen rund um die einzelnen Veranstaltungen und die K\u00fcnstlerinnen und K\u00fcnstler findet man auch auf der Website des Vereins unter www.alsfelder-kulturtage.de. (Programmhinweis: Die Veranstaltung mit Prof. Dr. Manfred Kluge am 22 Mai f\u00e4llt leider aus.)<\/p>\n","protected":false},"excerpt":{"rendered":"<div class=\"tmnf_excerpt\"><p>Nun geht es los! Am kommenden Donnerstag starten die 4. Alsfelder Kulturtage und bieten an elf Tagen mehr als drei\u00dfig Veranstaltungen von Lesungen \u00fcber Workshops bis hin zu Theater- und Tanzauff\u00fchrungen. Dazwischen kann man zu Fu\u00df die Stadt oder wahlweise die Natur erkunden, sich in Vortr\u00e4gen der Heimat oder dem Weltraum widmen, vier ganz unterschiedliche &hellip;<\/p>\n<\/div>","protected":false},"author":1,"featured_media":163149,"comment_status":"closed","ping_status":"closed","sticky":false,"template":"","format":"standard","meta":{"footnotes":""},"categories":[1],"tags":[],"class_list":["post-163146","post","type-post","status-publish","format-standard","has-post-thumbnail","hentry","category-startseite"],"_links":{"self":[{"href":"https:\/\/www.fuldaernachrichten.de\/index.php?rest_route=\/wp\/v2\/posts\/163146","targetHints":{"allow":["GET"]}}],"collection":[{"href":"https:\/\/www.fuldaernachrichten.de\/index.php?rest_route=\/wp\/v2\/posts"}],"about":[{"href":"https:\/\/www.fuldaernachrichten.de\/index.php?rest_route=\/wp\/v2\/types\/post"}],"author":[{"embeddable":true,"href":"https:\/\/www.fuldaernachrichten.de\/index.php?rest_route=\/wp\/v2\/users\/1"}],"replies":[{"embeddable":true,"href":"https:\/\/www.fuldaernachrichten.de\/index.php?rest_route=%2Fwp%2Fv2%2Fcomments&post=163146"}],"version-history":[{"count":1,"href":"https:\/\/www.fuldaernachrichten.de\/index.php?rest_route=\/wp\/v2\/posts\/163146\/revisions"}],"predecessor-version":[{"id":163150,"href":"https:\/\/www.fuldaernachrichten.de\/index.php?rest_route=\/wp\/v2\/posts\/163146\/revisions\/163150"}],"wp:featuredmedia":[{"embeddable":true,"href":"https:\/\/www.fuldaernachrichten.de\/index.php?rest_route=\/wp\/v2\/media\/163149"}],"wp:attachment":[{"href":"https:\/\/www.fuldaernachrichten.de\/index.php?rest_route=%2Fwp%2Fv2%2Fmedia&parent=163146"}],"wp:term":[{"taxonomy":"category","embeddable":true,"href":"https:\/\/www.fuldaernachrichten.de\/index.php?rest_route=%2Fwp%2Fv2%2Fcategories&post=163146"},{"taxonomy":"post_tag","embeddable":true,"href":"https:\/\/www.fuldaernachrichten.de\/index.php?rest_route=%2Fwp%2Fv2%2Ftags&post=163146"}],"curies":[{"name":"wp","href":"https:\/\/api.w.org\/{rel}","templated":true}]}}