{"id":163135,"date":"2017-05-16T08:04:31","date_gmt":"2017-05-16T06:04:31","guid":{"rendered":"http:\/\/www.fuldaer-nachrichten.de\/?p=163135"},"modified":"2017-05-16T08:04:31","modified_gmt":"2017-05-16T06:04:31","slug":"die-gruenen-in-der-stadt-fulda-fuer-die-einrichtung-eines-franz-erhard-walther-museums-in-fulda","status":"publish","type":"post","link":"https:\/\/www.fuldaernachrichten.de\/?p=163135","title":{"rendered":"Die GR\u00dcNEN in der Stadt Fulda f\u00fcr die Einrichtung eines \u201eFranz Erhard Walther Museums\u201c in Fulda!"},"content":{"rendered":"<p>Die bedeutendste Auszeichnung der internationalen Kunstwelt f\u00fcr Franz Erhard Walther anl\u00e4sslich der diesj\u00e4hrigen Biennale stellt ein herausragendes Ereignis auch f\u00fcr die Stadt Fulda dar.<\/p>\n<p>Anl\u00e4sslich der Verleihung des Goldenen L\u00f6wen der Biennale in Venedig an den Fuldaer K\u00fcnstler Franz Erhard Walther schlagen die GR\u00dcNEN vor die schon lange diskutierte Idee eines Museums f\u00fcr Zeitgen\u00f6ssische Kunst mit dem Schwerpunkt auf das Werk von Professor Walther jetzt ernsthaft in Angriff zu nehmen. <\/p>\n<p>Diese Chance sollte sich die Stadt nicht entgehen lassen, um das schon in der Amtszeit von Oberb\u00fcrgermeister Dr. Hamberger diskutierte Projekt jetzt praktisch anzugehen. Schon damals gab es daf\u00fcr erste Konzepte und Vorschl\u00e4ge f\u00fcr ein solches Museum.     <\/p>\n<p>Das Werk von F.E. Walther verdient einen angemessenen, repr\u00e4sentativen Raum f\u00fcr eine dauerhafte Ausstellung. Deshalb werden die GR\u00dcNEN in der n\u00e4chsten Stadtverordnetensitzung einen Antrag stellen f\u00fcr die Einrichtung eine F.E. Walther Museums in Fulda stellen. <\/p>\n<p>Ein solches Museum w\u00e4re ein \u00fcberregionaler Magnet f\u00fcr die weltweite Kunstwelt. Damit k\u00f6nnte Fulda sich als internationaler Kunststandort etablieren.  Werke von Walther sind in der Region schon in vielen privaten Sammungen vertreten  (unter Anderem existiert hier mit der Sammlung Seng eine der gr\u00f6\u00dften privaten Sammlungen von Werken des K\u00fcnstlers). Ein Museum f\u00fcr zeitgen\u00f6ssische Kunst w\u00fcrde es erm\u00f6glichen das Werk des K\u00fcnstlers auch f\u00fcr die \u00d6ffentlichkeit zug\u00e4nglich zu machen. <\/p>\n<p>Nach der Verleihung des Goldenen L\u00f6wen w\u00e4re sicherlich einfacher f\u00fcr die Verwirklichung des Projektes  Sponsoren, F\u00f6rdermittel und Leihgaben  zu requirieren.<\/p>\n<p>Antragstext:<\/p>\n<p>Verleihung des Goldenen L\u00f6wen bei der Biennale an Franz Erhard Walther<br \/>\nDie bedeutendste Auszeichung der internationalen Kunstwelt f\u00fcr Franz Erhard Walther anl\u00e4sslich der Biennale in Venedig ist auch f\u00fcr die Stadt Fulda ein  herausragendes Ereignis. <\/p>\n<p>Seit vielen Jahren ist die Schaffung eines Franz Erhard Walther Museums f\u00fcr zeitgen\u00f6ssische Kunst Thema in unserer Stadt. Die aktuelle  Auszeichnung von F.E. Walther sollte zum Anlass genommen werden, diese Idee jetzt tats\u00e4chlich in Angriff zu nehmen.<\/p>\n<p>B\u00fcndnis90\/DIEGR\u00dcNEN beantragen die Planung und Realisierung eines \u201eFranz Erhard Walther Museums\u201c in Fulda.<\/p>\n","protected":false},"excerpt":{"rendered":"<div class=\"tmnf_excerpt\"><p>Die bedeutendste Auszeichnung der internationalen Kunstwelt f\u00fcr Franz Erhard Walther anl\u00e4sslich der diesj\u00e4hrigen Biennale stellt ein herausragendes Ereignis auch f\u00fcr die Stadt Fulda dar. Anl\u00e4sslich der Verleihung des Goldenen L\u00f6wen der Biennale in Venedig an den Fuldaer K\u00fcnstler Franz Erhard Walther schlagen die GR\u00dcNEN vor die schon lange diskutierte Idee eines Museums f\u00fcr Zeitgen\u00f6ssische Kunst &hellip;<\/p>\n<\/div>","protected":false},"author":1,"featured_media":0,"comment_status":"closed","ping_status":"closed","sticky":false,"template":"","format":"standard","meta":{"footnotes":""},"categories":[1],"tags":[],"class_list":["post-163135","post","type-post","status-publish","format-standard","hentry","category-startseite"],"_links":{"self":[{"href":"https:\/\/www.fuldaernachrichten.de\/index.php?rest_route=\/wp\/v2\/posts\/163135","targetHints":{"allow":["GET"]}}],"collection":[{"href":"https:\/\/www.fuldaernachrichten.de\/index.php?rest_route=\/wp\/v2\/posts"}],"about":[{"href":"https:\/\/www.fuldaernachrichten.de\/index.php?rest_route=\/wp\/v2\/types\/post"}],"author":[{"embeddable":true,"href":"https:\/\/www.fuldaernachrichten.de\/index.php?rest_route=\/wp\/v2\/users\/1"}],"replies":[{"embeddable":true,"href":"https:\/\/www.fuldaernachrichten.de\/index.php?rest_route=%2Fwp%2Fv2%2Fcomments&post=163135"}],"version-history":[{"count":1,"href":"https:\/\/www.fuldaernachrichten.de\/index.php?rest_route=\/wp\/v2\/posts\/163135\/revisions"}],"predecessor-version":[{"id":163147,"href":"https:\/\/www.fuldaernachrichten.de\/index.php?rest_route=\/wp\/v2\/posts\/163135\/revisions\/163147"}],"wp:attachment":[{"href":"https:\/\/www.fuldaernachrichten.de\/index.php?rest_route=%2Fwp%2Fv2%2Fmedia&parent=163135"}],"wp:term":[{"taxonomy":"category","embeddable":true,"href":"https:\/\/www.fuldaernachrichten.de\/index.php?rest_route=%2Fwp%2Fv2%2Fcategories&post=163135"},{"taxonomy":"post_tag","embeddable":true,"href":"https:\/\/www.fuldaernachrichten.de\/index.php?rest_route=%2Fwp%2Fv2%2Ftags&post=163135"}],"curies":[{"name":"wp","href":"https:\/\/api.w.org\/{rel}","templated":true}]}}