{"id":163134,"date":"2017-05-16T08:03:41","date_gmt":"2017-05-16T06:03:41","guid":{"rendered":"http:\/\/www.fuldaer-nachrichten.de\/?p=163134"},"modified":"2017-05-16T08:03:41","modified_gmt":"2017-05-16T06:03:41","slug":"cdu-reise-ins-paznauntal","status":"publish","type":"post","link":"https:\/\/www.fuldaernachrichten.de\/?p=163134","title":{"rendered":"CDU-Reise ins Paznauntal"},"content":{"rendered":"<p>Der CDU-Kreisverband und der CDU-Gemeindeverband Flieden bieten vom 09. \u2013 12.07.2017 eine 4-t\u00e4gige Busreise ins Paznauntal an. Die Unterbringung erfolgt in einem sehr guten 4-Sterne-Wellness- und Familenhotel in Galt\u00fcr. Neben drei \u00dcbernachtungen mit All-In-Verw\u00f6hnpension (Fr\u00fchst\u00fcck, Mittagessen, Nachmittagsbuffet, Abendessen und alkoholfreie Getr\u00e4nke aus dem Limobrunnen rund um die Uhr) sind zahlreiche weitere Leistungen, wie z. B. eine Panoramafahrt entlang der Silvretta-Hochalpenstra\u00dfe, Fahrt nach Ischgl sowie alle Ausfl\u00fcge und Besichtigungen schon im Reisepreis enthalten. Sie besuchen Lindau am Bodensee und F\u00fcssen auf der Hin- und R\u00fcckreise. Anmeldung und Information bei: Winfried Happ, Hauptstr. 19, Flieden, Tel. (06655) 965218.<\/p>\n","protected":false},"excerpt":{"rendered":"<div class=\"tmnf_excerpt\"><p>Der CDU-Kreisverband und der CDU-Gemeindeverband Flieden bieten vom 09. \u2013 12.07.2017 eine 4-t\u00e4gige Busreise ins Paznauntal an. Die Unterbringung erfolgt in einem sehr guten 4-Sterne-Wellness- und Familenhotel in Galt\u00fcr. Neben drei \u00dcbernachtungen mit All-In-Verw\u00f6hnpension (Fr\u00fchst\u00fcck, Mittagessen, Nachmittagsbuffet, Abendessen und alkoholfreie Getr\u00e4nke aus dem Limobrunnen rund um die Uhr) sind zahlreiche weitere Leistungen, wie z. B. &hellip;<\/p>\n<\/div>","protected":false},"author":1,"featured_media":0,"comment_status":"closed","ping_status":"closed","sticky":false,"template":"","format":"standard","meta":{"footnotes":""},"categories":[1],"tags":[],"class_list":["post-163134","post","type-post","status-publish","format-standard","hentry","category-startseite"],"_links":{"self":[{"href":"https:\/\/www.fuldaernachrichten.de\/index.php?rest_route=\/wp\/v2\/posts\/163134","targetHints":{"allow":["GET"]}}],"collection":[{"href":"https:\/\/www.fuldaernachrichten.de\/index.php?rest_route=\/wp\/v2\/posts"}],"about":[{"href":"https:\/\/www.fuldaernachrichten.de\/index.php?rest_route=\/wp\/v2\/types\/post"}],"author":[{"embeddable":true,"href":"https:\/\/www.fuldaernachrichten.de\/index.php?rest_route=\/wp\/v2\/users\/1"}],"replies":[{"embeddable":true,"href":"https:\/\/www.fuldaernachrichten.de\/index.php?rest_route=%2Fwp%2Fv2%2Fcomments&post=163134"}],"version-history":[{"count":1,"href":"https:\/\/www.fuldaernachrichten.de\/index.php?rest_route=\/wp\/v2\/posts\/163134\/revisions"}],"predecessor-version":[{"id":163144,"href":"https:\/\/www.fuldaernachrichten.de\/index.php?rest_route=\/wp\/v2\/posts\/163134\/revisions\/163144"}],"wp:attachment":[{"href":"https:\/\/www.fuldaernachrichten.de\/index.php?rest_route=%2Fwp%2Fv2%2Fmedia&parent=163134"}],"wp:term":[{"taxonomy":"category","embeddable":true,"href":"https:\/\/www.fuldaernachrichten.de\/index.php?rest_route=%2Fwp%2Fv2%2Fcategories&post=163134"},{"taxonomy":"post_tag","embeddable":true,"href":"https:\/\/www.fuldaernachrichten.de\/index.php?rest_route=%2Fwp%2Fv2%2Ftags&post=163134"}],"curies":[{"name":"wp","href":"https:\/\/api.w.org\/{rel}","templated":true}]}}