{"id":163133,"date":"2017-05-16T08:03:36","date_gmt":"2017-05-16T06:03:36","guid":{"rendered":"http:\/\/www.fuldaer-nachrichten.de\/?p=163133"},"modified":"2017-05-16T08:03:36","modified_gmt":"2017-05-16T06:03:36","slug":"familie-in-den-mittelpunkt","status":"publish","type":"post","link":"https:\/\/www.fuldaernachrichten.de\/?p=163133","title":{"rendered":"Familie in den Mittelpunkt!"},"content":{"rendered":"<p>Zum Internationalen Tag der Familie, der in diesem Jahr unter dem Motto \u201eFamilie, Bildung und Wohlbefinden\u201c steht, fordert der Familienbund der Katholiken mehr Unterst\u00fctzung f\u00fcr Familien. \u201eDie W\u00fcnsche und Bed\u00fcrfnisse der Familien m\u00fcssen im Mittelpunkt der Politik stehen, m\u00fcssen Querschnittsaufgabe aller Politikbereiche sein. Ihre Leistungen f\u00fcr die Erziehung und Bildung der Kinder und der Pflege von Angeh\u00f6rigen sind elementar f\u00fcr die Zukunft unserer Gesellschaft, \u201c sagte der Landesvorsitzende des Familienbundes der Katholiken, Hubert Schulte heute in Fulda. \u201eGerade auf junge Eltern aber w\u00e4chst der Druck aus der Erwerbsarbeit mit ihren Anforderungen nach mehr Mobilit\u00e4t und Flexibilit\u00e4t. Staat und Gesellschaft m\u00fcssen Familien st\u00e4rker als bisher dabei unterst\u00fctzen, Zeit f\u00fcr Familie zu haben und finanziell abgesichert zu sein. Familien bleiben die prim\u00e4ren Orte f\u00fcr die Erziehung und Bildung der Kinder.\u201c<\/p>\n<p>Der Familienbund mahnt verst\u00e4rkte Investitionen in das Bildungssystem an. \u201eWir brauchen endlich eine breite Initiative f\u00fcr den qualitativen Ausbau der Kindertagesbetreuung, der qualifizierten p\u00e4dagogischen Nachmittagsbetreuung und der Ganztagsschulen als Angebotsschule.\u201c Eine gute Betreuungsinfrastruktur, eine gute Vereinbarkeit von Familie und Beruf, eine gerechte Abgabenbelastung und eine besondere F\u00f6rderung einkommensschw\u00e4cherer Familien stellen zusammen sicher, dass Eltern und Kinder ausreichend gemeinsame miteinander verbringen k\u00f6nnen, so Hubert Schulte abschlie\u00dfend.<\/p>\n","protected":false},"excerpt":{"rendered":"<div class=\"tmnf_excerpt\"><p>Zum Internationalen Tag der Familie, der in diesem Jahr unter dem Motto \u201eFamilie, Bildung und Wohlbefinden\u201c steht, fordert der Familienbund der Katholiken mehr Unterst\u00fctzung f\u00fcr Familien. \u201eDie W\u00fcnsche und Bed\u00fcrfnisse der Familien m\u00fcssen im Mittelpunkt der Politik stehen, m\u00fcssen Querschnittsaufgabe aller Politikbereiche sein. Ihre Leistungen f\u00fcr die Erziehung und Bildung der Kinder und der Pflege &hellip;<\/p>\n<\/div>","protected":false},"author":1,"featured_media":163140,"comment_status":"closed","ping_status":"closed","sticky":false,"template":"","format":"standard","meta":{"footnotes":""},"categories":[1],"tags":[],"class_list":["post-163133","post","type-post","status-publish","format-standard","has-post-thumbnail","hentry","category-startseite"],"_links":{"self":[{"href":"https:\/\/www.fuldaernachrichten.de\/index.php?rest_route=\/wp\/v2\/posts\/163133","targetHints":{"allow":["GET"]}}],"collection":[{"href":"https:\/\/www.fuldaernachrichten.de\/index.php?rest_route=\/wp\/v2\/posts"}],"about":[{"href":"https:\/\/www.fuldaernachrichten.de\/index.php?rest_route=\/wp\/v2\/types\/post"}],"author":[{"embeddable":true,"href":"https:\/\/www.fuldaernachrichten.de\/index.php?rest_route=\/wp\/v2\/users\/1"}],"replies":[{"embeddable":true,"href":"https:\/\/www.fuldaernachrichten.de\/index.php?rest_route=%2Fwp%2Fv2%2Fcomments&post=163133"}],"version-history":[{"count":1,"href":"https:\/\/www.fuldaernachrichten.de\/index.php?rest_route=\/wp\/v2\/posts\/163133\/revisions"}],"predecessor-version":[{"id":163143,"href":"https:\/\/www.fuldaernachrichten.de\/index.php?rest_route=\/wp\/v2\/posts\/163133\/revisions\/163143"}],"wp:featuredmedia":[{"embeddable":true,"href":"https:\/\/www.fuldaernachrichten.de\/index.php?rest_route=\/wp\/v2\/media\/163140"}],"wp:attachment":[{"href":"https:\/\/www.fuldaernachrichten.de\/index.php?rest_route=%2Fwp%2Fv2%2Fmedia&parent=163133"}],"wp:term":[{"taxonomy":"category","embeddable":true,"href":"https:\/\/www.fuldaernachrichten.de\/index.php?rest_route=%2Fwp%2Fv2%2Fcategories&post=163133"},{"taxonomy":"post_tag","embeddable":true,"href":"https:\/\/www.fuldaernachrichten.de\/index.php?rest_route=%2Fwp%2Fv2%2Ftags&post=163133"}],"curies":[{"name":"wp","href":"https:\/\/api.w.org\/{rel}","templated":true}]}}