{"id":163108,"date":"2017-05-14T11:00:26","date_gmt":"2017-05-14T09:00:26","guid":{"rendered":"http:\/\/www.fuldaer-nachrichten.de\/?p=163108"},"modified":"2017-05-14T11:00:26","modified_gmt":"2017-05-14T09:00:26","slug":"ob-wingenfeld-goldene-loewen-aus-venedig-%e2%80%a8als-ansporn-fuer-die-kulturstadt-fulda","status":"publish","type":"post","link":"https:\/\/www.fuldaernachrichten.de\/?p=163108","title":{"rendered":"OB Wingenfeld: \u201eGoldene L\u00f6wen\u201c aus Venedig \u00e2\u20ac\u00a8als Ansporn f\u00fcr die Kulturstadt Fulda"},"content":{"rendered":"<p>Mit gro\u00dfer Begeisterung hat die Stadt Fulda auf die Nachricht aus Venedig reagiert, dass bei der dortigen Kunst-Biennale gleich zwei deutsche K\u00fcnstler mit dem \u201eGoldenen L\u00f6wen\u201c ausgezeichnet wurden: Denn sowohl Anne Imhof, die den Hauptpreis f\u00fcr den besten Pavillon erhielt, als auch Franz Erhard Walther, der den \u201eGoldenen L\u00f6wen\u201c als bester K\u00fcnstler erhielt, stammen aus Fulda beziehungsweise sind hier aufgewachsen. Fuldas Oberb\u00fcrgermeister Dr. Heiko Wingenfeld sprach von einem \u201eherausragenden Tag f\u00fcr die Kulturstadt Fulda und die gesamte deutsche Kunstszene\u201c und gratulierte den beiden Preistr\u00e4gern herzlich zu dem \u201eherausragenden Erfolg\u201c, der f\u00fcr weltweite Anerkennung des k\u00fcnstlerischen Wirkens stehe.<\/p>\n<p>Franz Erhard Walther ist 1939 in Fulda geboren, er hat hier bereits in den 1950er Jahren im \u201eJungen Kunstkreis Fulda\u201c erste k\u00fcnstlerische Akzente gesetzt und ist nach erfolgreichen Stationen im In- und Ausland seit seiner Emeritierung als Professor an der Hochschule f\u00fcr bildende K\u00fcnste in Hamburg im Jahre 2005 wieder Fuldaer B\u00fcrger. Anne Imhof (39), die inzwischen in Frankfurt lebt und arbeitet, ist in Fulda aufgewachsen. Die Stadt Fulda hat bereits die Teilnahme von Imhof und Walter an der Biennale als herausragende Auszeichnung verstanden. \u201eDie Preisverleihung \u00fcbertrifft nun alle Erwartungen\u201c, so OB Wingenfeld.<\/p>\n<p>Das Besondere und Spannende an Franz Erhard Walthers Werken seien die \u201eEinladungen zu einem inneren Handeln des Betrachters bzw. des Benutzers\u201c, so Wingenfeld. Seine Werke seien keine abgeschlossenen Dinge, die auf traditionelle Rezeption zielen: \u201eDie Bedeutung steckt nicht einfach nur im Objekt, sondern in der individuellen Handlung des Rezipienten\u201c.<\/p>\n<p>Der K\u00fcnstlerin Anne Imhof hatte OB Wingenfeld schon im Fr\u00fchjahr in einem pers\u00f6nlichen Scheiben zu Ihrer Teilnahme an der Biennale gratuliert. In ihrer Antwort hatte sie von der besonderen Ehre und Herausforderung geschrieben, \u201eals K\u00fcnstlerin eine Nation zu repr\u00e4sentieren\u201c. Gleichzeitig gab sie ihrer Hoffnung Ausdruck, dass OB Wingenfeld in seiner Funktion als Fuldaer Kulturdezernent auch k\u00fcnftig die \u00f6rtliche Kunstszene aktiv unterst\u00fctzen und ihr so eine gewisse Unabh\u00e4ngigkeit verleihen m\u00f6ge. \u201eDenn ohne staatliche oder kommunale F\u00f6rdergelder w\u00fcrde auch meine Entwicklung als K\u00fcnstlerin nicht in den Bahnen verlaufen, die mich nun nach Venedig gef\u00fchrt haben\u201c, schrieb Imhof.<\/p>\n<p>Mit Blick auf die \u201eKulturstadt Fulda\u201c betonte OB Wingenfeld: \u201eDie Stadt Fulda ist nicht nur eine traditionsreiche und sch\u00f6ne Stadt, sondern auch eine Stadt, die Freiraum f\u00fcr Kreativit\u00e4t und k\u00fcnstlerische Entfaltung bietet.\u201c Die j\u00fcngste internationale W\u00fcrdigung Fuldaer K\u00fcnstler in Venedig verstehe die Stadt auch als Ansporn, die \u00f6rtliche Kunstszene aktiv zu unterst\u00fctzen und das Wirken der beiden Preistr\u00e4ger auch vor Ort zu w\u00fcrdigen, so Wingenfeld, der in diesem Zusammenhang zugleich erw\u00e4hnte, dass es ohnehin schon \u00dcberlegungen f\u00fcr eine gro\u00dfe Walther-Retrospektive im Rahmen der Feiern zum 1275-j\u00e4hrigen Bestehen Fuldas im Jahr 2019 gebe.        <\/p>\n<p>Hintergrund: Die Kunst-Biennale in Venedig ist eine der bedeutendsten Ausstellungen f\u00fcr moderne Kunst weltweit. An der 57. Biennale nahmen etwa 120 K\u00fcnstler aus 51 L\u00e4ndern teil und zeigten ihre Werke, darunter neben Walther drei weitere deutsche K\u00fcnstler. Neben der Hauptausstellung pr\u00e4sentieren mehr als 80 nationale Pavillons die Beitr\u00e4ge ihrer L\u00e4nder.<\/p>\n","protected":false},"excerpt":{"rendered":"<div class=\"tmnf_excerpt\"><p>Mit gro\u00dfer Begeisterung hat die Stadt Fulda auf die Nachricht aus Venedig reagiert, dass bei der dortigen Kunst-Biennale gleich zwei deutsche K\u00fcnstler mit dem \u201eGoldenen L\u00f6wen\u201c ausgezeichnet wurden: Denn sowohl Anne Imhof, die den Hauptpreis f\u00fcr den besten Pavillon erhielt, als auch Franz Erhard Walther, der den \u201eGoldenen L\u00f6wen\u201c als bester K\u00fcnstler erhielt, stammen aus &hellip;<\/p>\n<\/div>","protected":false},"author":1,"featured_media":0,"comment_status":"closed","ping_status":"closed","sticky":false,"template":"","format":"standard","meta":{"footnotes":""},"categories":[1],"tags":[],"class_list":["post-163108","post","type-post","status-publish","format-standard","hentry","category-startseite"],"_links":{"self":[{"href":"https:\/\/www.fuldaernachrichten.de\/index.php?rest_route=\/wp\/v2\/posts\/163108","targetHints":{"allow":["GET"]}}],"collection":[{"href":"https:\/\/www.fuldaernachrichten.de\/index.php?rest_route=\/wp\/v2\/posts"}],"about":[{"href":"https:\/\/www.fuldaernachrichten.de\/index.php?rest_route=\/wp\/v2\/types\/post"}],"author":[{"embeddable":true,"href":"https:\/\/www.fuldaernachrichten.de\/index.php?rest_route=\/wp\/v2\/users\/1"}],"replies":[{"embeddable":true,"href":"https:\/\/www.fuldaernachrichten.de\/index.php?rest_route=%2Fwp%2Fv2%2Fcomments&post=163108"}],"version-history":[{"count":1,"href":"https:\/\/www.fuldaernachrichten.de\/index.php?rest_route=\/wp\/v2\/posts\/163108\/revisions"}],"predecessor-version":[{"id":163110,"href":"https:\/\/www.fuldaernachrichten.de\/index.php?rest_route=\/wp\/v2\/posts\/163108\/revisions\/163110"}],"wp:attachment":[{"href":"https:\/\/www.fuldaernachrichten.de\/index.php?rest_route=%2Fwp%2Fv2%2Fmedia&parent=163108"}],"wp:term":[{"taxonomy":"category","embeddable":true,"href":"https:\/\/www.fuldaernachrichten.de\/index.php?rest_route=%2Fwp%2Fv2%2Fcategories&post=163108"},{"taxonomy":"post_tag","embeddable":true,"href":"https:\/\/www.fuldaernachrichten.de\/index.php?rest_route=%2Fwp%2Fv2%2Ftags&post=163108"}],"curies":[{"name":"wp","href":"https:\/\/api.w.org\/{rel}","templated":true}]}}