{"id":163105,"date":"2017-05-14T11:03:03","date_gmt":"2017-05-14T09:03:03","guid":{"rendered":"http:\/\/www.fuldaer-nachrichten.de\/?p=163105"},"modified":"2017-05-14T11:03:03","modified_gmt":"2017-05-14T09:03:03","slug":"250-feuerwehr-grundlehrgang-des-kreisfeuerwehrverbandes-fulda","status":"publish","type":"post","link":"https:\/\/www.fuldaernachrichten.de\/?p=163105","title":{"rendered":"250. Feuerwehr-Grundlehrgang des Kreisfeuerwehrverbandes Fulda"},"content":{"rendered":"<p>Ein kleines Jubil\u00e4um gab es am Wochenende in Trainings- und Ausbildungszentrum des Kreisfeuer-wehrverbandes Fulda an der Konrad-Adenauer-Schule in Petersberg zu feiern. Es fand der 250. Feu-erwehr-Grundlehrgang statt, der in Zusammenarbeit mit dem Kreisfeuerwehrverband des Landkrei-ses Fulda und dem Fachdienst Gefahrenabwehr durchgefu\u00cc\u02c6hrt wird.<\/p>\n<p>Der Feuerwehr-Grundlehrgang ist der Grundstein fu\u00cc\u02c6r die Ausbildung der ehrenamtlichen Feuerwehr-kr\u00e4fte und ist im Bundesland Hessen u\u00cc\u02c6berall gleich organisiert. Die Teilnehmer erlernen u\u00cc\u02c6ber eine Dauer von7 0 Stunden theoretische Grund Aspekte und den praktischen Umgang mit den Ger\u00e4tschaf-ten der Feuerwehr, um nach bestandenem Lehrgang am Einsatzdienst teilnehmenden zu k\u00f6nnen. Ein besonderes Augenmerk liegt hierbei auf dem Selbstschutz der Einsatzkr\u00e4fte, da durch eine gute und strukturierte Ausbildung Gefahren, welche der ehrenamtliche Dienst in den Feuerwehren mit sich bringt, auszuschlie\u00dfen sind.<\/p>\n<p>Bereits 1963 fu\u00cc\u02c6hrte der Kreisfeuerwehrverband des ersten Feuerwehr-Grundlehrgangs im Landkreis Fulda durch. Anfang der 60er Jahre war der Ausbildungsbedarf bei den Freiwilligen Feuerwehren sehr hoch, aber viele der ehrenamtlichen Feuerwehrm\u00e4nner konnten aus beruflichen Gru\u00cc\u02c6nden keine 2 Wochen an einem Grundlehrgang an der Hessischen Landesfeuerwehrschule in Kassel teilnehmen. Die damaligen Verantwortlichen im Landkreis Fulda, unter Kreisbrandinspektor Ernst Sitzmann, such-ten nach L\u00f6sungsm\u00f6glichkeiten einen Grundlehrgang auf Kreisebene durchzufu\u00cc\u02c6hren. Schnell kristalli-sierte sich die Gemeinde Eichenzell, Heimatgemeinde Sitzmanns, als Durchfu\u00cc\u02c6hrungsort fu\u00cc\u02c6r eigene Lehrg\u00e4nge heraus.<\/p>\n<p>Der Kreisfeuerwehrverband wurde mit der Durchfu\u00cc\u02c6hrung und Umsetzung der Lehrg\u00e4nge beauftragt. Die Lehrgangsunterlagen fu\u00cc\u02c6r die Lehrgangsteilnehmer wurden auf der verbandseigenen Druckma-schine des Verbandes, die im Keller des Gesch\u00e4ftsfu\u00cc\u02c6hrer Walter Kr\u00e4mer stand, gedruckt und von flei-\u00dfigen Helfern zusammengetragen und -geheftet.<\/p>\n<p>In 1988 wurden durch den Landkreis Fulda die R\u00e4umlichkeiten an der Konrad-Adenauer-Schule be-reitgestellt, welche dem Verband als Bu\u00cc\u02c6ro, Lagerm\u00f6glichkeit und bereits ab dem Jahr 1990 auch als zentraler Lehrgangsort im Landkreis bereitstanden.<\/p>\n<p>Der heutige Verbandsvorsitzende Lothar Mihm konnte zum Abschluss des 250. Lehrgangs am Wo-chenende den Landrat Bernd Woide, den Kreisbrandinspektor Adrian Vogler und die Ehrenmitglieder des Kreisfeuerwehrverbandes Fulda begru\u00cc\u02c6\u00dfen. Ebenfalls begru\u00cc\u02c6\u00dfte er die Kreisausbilder Trupp-mann\/Truppfu\u00cc\u02c6hrer des Kreisfeuerwehrverbandes, die an der kleinen Feierstunde teilnahmen. Ge-meinsam mit den Teilnehmern des Lehrgangs blickte der Kreisfeuerwehrverband auf die lange Histo-rie des Grundlehrgangs zuru\u00cc\u02c6ck. Einer der langen Wegbegleiter der Ausbildung im Landkreis Fulda, Kreisbrandinspektor a. D. Gustav Mu\u00cc\u02c6nker, gab einen kurzen aber detaillierten Ru\u00cc\u02c6ckblick auf die ver-gangenen Jahre. Im Anschluss wurden einige sch\u00f6ne Stunden bei H\u00e4ppchen und Getr\u00e4nken verbracht und die Urkunden an die Lehrgangsteilnehmer verteilt.<\/p>\n","protected":false},"excerpt":{"rendered":"<div class=\"tmnf_excerpt\"><p>Ein kleines Jubil\u00e4um gab es am Wochenende in Trainings- und Ausbildungszentrum des Kreisfeuer-wehrverbandes Fulda an der Konrad-Adenauer-Schule in Petersberg zu feiern. Es fand der 250. Feu-erwehr-Grundlehrgang statt, der in Zusammenarbeit mit dem Kreisfeuerwehrverband des Landkrei-ses Fulda und dem Fachdienst Gefahrenabwehr durchgefu\u00cc\u02c6hrt wird. Der Feuerwehr-Grundlehrgang ist der Grundstein fu\u00cc\u02c6r die Ausbildung der ehrenamtlichen Feuerwehr-kr\u00e4fte und ist &hellip;<\/p>\n<\/div>","protected":false},"author":1,"featured_media":163119,"comment_status":"closed","ping_status":"closed","sticky":false,"template":"","format":"gallery","meta":{"footnotes":""},"categories":[1],"tags":[],"class_list":["post-163105","post","type-post","status-publish","format-gallery","has-post-thumbnail","hentry","category-startseite","post_format-post-format-gallery"],"_links":{"self":[{"href":"https:\/\/www.fuldaernachrichten.de\/index.php?rest_route=\/wp\/v2\/posts\/163105","targetHints":{"allow":["GET"]}}],"collection":[{"href":"https:\/\/www.fuldaernachrichten.de\/index.php?rest_route=\/wp\/v2\/posts"}],"about":[{"href":"https:\/\/www.fuldaernachrichten.de\/index.php?rest_route=\/wp\/v2\/types\/post"}],"author":[{"embeddable":true,"href":"https:\/\/www.fuldaernachrichten.de\/index.php?rest_route=\/wp\/v2\/users\/1"}],"replies":[{"embeddable":true,"href":"https:\/\/www.fuldaernachrichten.de\/index.php?rest_route=%2Fwp%2Fv2%2Fcomments&post=163105"}],"version-history":[{"count":1,"href":"https:\/\/www.fuldaernachrichten.de\/index.php?rest_route=\/wp\/v2\/posts\/163105\/revisions"}],"predecessor-version":[{"id":163129,"href":"https:\/\/www.fuldaernachrichten.de\/index.php?rest_route=\/wp\/v2\/posts\/163105\/revisions\/163129"}],"wp:featuredmedia":[{"embeddable":true,"href":"https:\/\/www.fuldaernachrichten.de\/index.php?rest_route=\/wp\/v2\/media\/163119"}],"wp:attachment":[{"href":"https:\/\/www.fuldaernachrichten.de\/index.php?rest_route=%2Fwp%2Fv2%2Fmedia&parent=163105"}],"wp:term":[{"taxonomy":"category","embeddable":true,"href":"https:\/\/www.fuldaernachrichten.de\/index.php?rest_route=%2Fwp%2Fv2%2Fcategories&post=163105"},{"taxonomy":"post_tag","embeddable":true,"href":"https:\/\/www.fuldaernachrichten.de\/index.php?rest_route=%2Fwp%2Fv2%2Ftags&post=163105"}],"curies":[{"name":"wp","href":"https:\/\/api.w.org\/{rel}","templated":true}]}}