{"id":163101,"date":"2017-05-14T10:59:49","date_gmt":"2017-05-14T08:59:49","guid":{"rendered":"http:\/\/www.fuldaer-nachrichten.de\/?p=163101"},"modified":"2017-05-14T10:59:49","modified_gmt":"2017-05-14T08:59:49","slug":"grundlagenwissen-fuer-zweckmaessige-trainingsplanung","status":"publish","type":"post","link":"https:\/\/www.fuldaernachrichten.de\/?p=163101","title":{"rendered":"Grundlagenwissen f\u00fcr zweckm\u00e4\u00dfige Trainingsplanung"},"content":{"rendered":"<p>Die Grundlage eines optimalen Lauftrainings ist die Balance zwischen Belastung und Regeneration. Das Ziel eines Kurses der Volkshochschule des Landkreises Fulda besteht in der Vermittlung von Grundlagenwissen f\u00fcr eine zweckm\u00e4\u00dfige Trainingsplanung. Beginn ist am Samstag, 3. Juni, um 13 Uhr im Georg-Stieler-Haus, Gallasiniring 1, in Fulda. Infos und Anmeldung mit Kursnummer VO3020195 unter www.vhs-fulda.de oder telefonisch beim B\u00fcrgerservice (0661)6006-1600.<\/p>\n","protected":false},"excerpt":{"rendered":"<div class=\"tmnf_excerpt\"><p>Die Grundlage eines optimalen Lauftrainings ist die Balance zwischen Belastung und Regeneration. Das Ziel eines Kurses der Volkshochschule des Landkreises Fulda besteht in der Vermittlung von Grundlagenwissen f\u00fcr eine zweckm\u00e4\u00dfige Trainingsplanung. Beginn ist am Samstag, 3. Juni, um 13 Uhr im Georg-Stieler-Haus, Gallasiniring 1, in Fulda. Infos und Anmeldung mit Kursnummer VO3020195 unter www.vhs-fulda.de oder &hellip;<\/p>\n<\/div>","protected":false},"author":1,"featured_media":0,"comment_status":"closed","ping_status":"closed","sticky":false,"template":"","format":"standard","meta":{"footnotes":""},"categories":[1],"tags":[],"class_list":["post-163101","post","type-post","status-publish","format-standard","hentry","category-startseite"],"_links":{"self":[{"href":"https:\/\/www.fuldaernachrichten.de\/index.php?rest_route=\/wp\/v2\/posts\/163101","targetHints":{"allow":["GET"]}}],"collection":[{"href":"https:\/\/www.fuldaernachrichten.de\/index.php?rest_route=\/wp\/v2\/posts"}],"about":[{"href":"https:\/\/www.fuldaernachrichten.de\/index.php?rest_route=\/wp\/v2\/types\/post"}],"author":[{"embeddable":true,"href":"https:\/\/www.fuldaernachrichten.de\/index.php?rest_route=\/wp\/v2\/users\/1"}],"replies":[{"embeddable":true,"href":"https:\/\/www.fuldaernachrichten.de\/index.php?rest_route=%2Fwp%2Fv2%2Fcomments&post=163101"}],"version-history":[{"count":1,"href":"https:\/\/www.fuldaernachrichten.de\/index.php?rest_route=\/wp\/v2\/posts\/163101\/revisions"}],"predecessor-version":[{"id":163106,"href":"https:\/\/www.fuldaernachrichten.de\/index.php?rest_route=\/wp\/v2\/posts\/163101\/revisions\/163106"}],"wp:attachment":[{"href":"https:\/\/www.fuldaernachrichten.de\/index.php?rest_route=%2Fwp%2Fv2%2Fmedia&parent=163101"}],"wp:term":[{"taxonomy":"category","embeddable":true,"href":"https:\/\/www.fuldaernachrichten.de\/index.php?rest_route=%2Fwp%2Fv2%2Fcategories&post=163101"},{"taxonomy":"post_tag","embeddable":true,"href":"https:\/\/www.fuldaernachrichten.de\/index.php?rest_route=%2Fwp%2Fv2%2Ftags&post=163101"}],"curies":[{"name":"wp","href":"https:\/\/api.w.org\/{rel}","templated":true}]}}