{"id":163098,"date":"2017-05-14T10:59:04","date_gmt":"2017-05-14T08:59:04","guid":{"rendered":"http:\/\/www.fuldaer-nachrichten.de\/?p=163098"},"modified":"2017-05-14T10:59:37","modified_gmt":"2017-05-14T08:59:37","slug":"ie-beste-rettmobil-aller-zeiten","status":"publish","type":"post","link":"https:\/\/www.fuldaernachrichten.de\/?p=163098","title":{"rendered":"ie beste RETTmobil aller Zeiten"},"content":{"rendered":"<p><a href=\"http:\/\/www.fuldaer-nachrichten.de\/wp-content\/uploads\/2017\/05\/DSC_1410.jpg\"><img decoding=\"async\" class=\"alignleft size-thumbnail wp-image-163103\" src=\"http:\/\/www.fuldaer-nachrichten.de\/wp-content\/uploads\/2017\/05\/DSC_1410-265x177.jpg\" alt=\"\" width=\"265\" height=\"177\" srcset=\"https:\/\/www.fuldaernachrichten.de\/wp-content\/uploads\/2017\/05\/DSC_1410-265x177.jpg 265w, https:\/\/www.fuldaernachrichten.de\/wp-content\/uploads\/2017\/05\/DSC_1410-768x512.jpg 768w, https:\/\/www.fuldaernachrichten.de\/wp-content\/uploads\/2017\/05\/DSC_1410-600x400.jpg 600w, https:\/\/www.fuldaernachrichten.de\/wp-content\/uploads\/2017\/05\/DSC_1410.jpg 900w\" sizes=\"(max-width: 265px) 100vw, 265px\" \/><\/a>Die beste RETTmobil aller Zeiten hat Rekorde gebrochen. Zur 17. Auflage der internationalen Leitmesse f\u00fcr Rettung und Mobilit\u00e4t vom 10. bis zum 12. Mai in Fulda kamen 28 512\u00c2\u00a0 Besucherinnen und Besucher aus aller Welt. Auch die Spitzenzahl von 525 Ausstellern best\u00e4tigt die globale Bedeutung und dramatische Aktualit\u00e4t der Leistungsschau. Hoch zufrieden sind alle: das Publikum, die Aussteller und die Verantwortlichen f\u00fcr die weltweit einmalige Messe, die erneut auf ein sehr gro\u00dfen mediales Interesse stie\u00df.<\/p>\n<p>Die Aussteller pr\u00e4sentierten sich auf dem \u00fcber 70 000 Quadratmeter gro\u00dfen Gel\u00e4nde mit 19 Hallen und gro\u00dfem Freigel\u00e4nde. Im optimierten Off-Road-Bereich zeigten die Feuerwehr, das Technische Hilfswerk und die Bundeswehr bei spannenden Aktionen ihr K\u00f6nnen. Die 17. RETTmobil 2017, richtungsweisend und zeitgem\u00e4\u00df, dokumentierte den hohen Standard der technischen und medizinischen Ausstattung des international vorbildlichen Rettungswesens in Deutschland. Fr\u00fchzeitig ausgebucht waren die hochaktuellen Veranstaltungen im Weiterbildungsbereich. F\u00fcr die Fuldaer Feuerwehr bedeutete die RETTmobil eine optimale Werbe- und Kommunikationsplattform<\/p>\n<p>Dreit\u00e4giger Ansturm<\/p>\n<p>Der gr\u00f6\u00dfte Ansturm auf das Branchenereignis wurde am zweiten Messetag, dem Donnerstag, mit 11 182 Fachbesucherinnen und -besuchern registriert, unter ihnen viele aus dem asiatischen Raum. Am Mittwoch waren es 9510 Leute, am letzten Tag 7820.\u00c2\u00a0 Zum Vergleich die Zahlen der 16. RETTmobil 2016:\u00c2\u00a0 517 Aussteller sowie 26 890 Besucherinnen und Besucher.<\/p>\n<p>Stolz auf den Riesenerfolg des weltweit wichtigsten Forums f\u00fcr Innovation, Sicherheit, Qualit\u00e4t, Kompetenz und Weiterbildung ist besonders Manfred Hommel, Vorsitzender der Interessengemeinschaft der Hersteller von Kranken- und Rettungsfahrzeugen (IKR), des ideellen Tr\u00e4gers der Leistungsschau. Die Qualit\u00e4t von Dienstleistungen und Produkten sei kaum noch zu steigern, sagte Hommel und attestierte der Messe \u201eh\u00f6chstes Niveau der Pr\u00e4sentation in allen Bereichen\u201c. Best\u00e4tigt wurde Hommels Prognose, die er w\u00e4hrend der Er\u00f6ffnung am Mittwoch formuliert hatte: \u201eDiese Messe wird alle Rekorde brechen.\u201c\u00c2\u00a0 Die RETTmobil, die auf den vier S\u00e4ulen Fachmesse, Fortbildung, Mobilit\u00e4t und Qualit\u00e4t gr\u00fcndet, habe erneut gezeigt, dass es f\u00fcr sie weltweit nichts Vergleichbares gebe.<\/p>\n<p>\u201eIn jeder Hinsicht hoch zufrieden\u201c<\/p>\n<p>\u201eIn jeder Hinsicht hoch zufrieden\u201c sind auch Petra Dehler-Udolph und Dieter Udolph, Gesch\u00e4ftsf\u00fchrer der Messe Fulda GmbH, zust\u00e4ndig f\u00fcr Planung, Vorbereitung und Durchf\u00fchrung der solit\u00e4ren Leistungsschau. Alle Aussteller h\u00e4tten sich \u00e4u\u00dferst positiv ge\u00e4u\u00dfert \u00fcber die St\u00e4nde, die Pr\u00e4sentation, die Qualit\u00e4t der Dienstleistungen und Produkte , \u00fcber den Besuch, \u00fcber die Organisation und die perfekte Parkplatzsituation. Schon jetzt gebe es f\u00fcr die 18. RETTmobil 2018, deren Vorbereitungen bereits begonnen h\u00e4tten, eine \u201eriesige Nachfrage\u201c. Die Messe-Macher wiesen auf die Bedeutung der RETTmobil f\u00fcr den Standort Fulda in den Bereichen Hotellerie und Gastronomie hin. Der Stadt Fulda k\u00f6nnten sich durch die Messe hervorragende Chancen in\u00c2\u00a0 Hinblick auf Betriebsansiedlungen und neue Arbeitspl\u00e4tze er\u00f6ffnen.<\/p>\n<p>\u201eAusgezeichnete Perspektiven\u201c<\/p>\n<p>IKR-Vorsitzender Hommel berichtete, dass w\u00e4hrend der Messe viele Gesch\u00e4fte nicht nur angebahnt, sondern auch abgeschlossen worden seien. Au\u00dferdem seien hervorragende Kontakte auf internationaler Ebene zustande gekommen. Diese Tatsachen er\u00f6ffneten der RETTmobil weiterhin ausgezeichnete Perspektiven f\u00fcr die Zukunft am Standort Fulda.<\/p>\n<p>Bew\u00e4hrt haben sich wieder das hochkar\u00e4tige Rahmenprogramm mit den gut besuchten Vortr\u00e4gen\u00c2\u00a0 auf dem Messeforum sowie die Seminare und Workshops der medizinisch-rettungsdienstlichen Veranstaltungen. Verantwortlich war Professor Dr. Peter Sefrin. Der wissenschaftliche Leiter des Bereichs Fortbildung freute sich \u00fcber die weitere Steigerung der Teilnehmerzahl und des Interesses w\u00e4hrend der Veranstaltungen, f\u00fcr die 40 hochkar\u00e4tige Referenten aus dem gesamten Bundesgebiet gewonnen werden konnten. Zu den H\u00f6hepunkten des Angebots h\u00e4tten die Vortr\u00e4ge \u00fcber den Terroranschlag in Berlin und \u00fcber den Amoklauf in M\u00fcnchen gez\u00e4hlt. Alle Helfer und Retter st\u00fcnden vor neuen Herausforderungen.<\/p>\n<p>\u201eOptimale Werbung f\u00fcr die Feuerwehr\u201c<\/p>\n<p>Auch f\u00fcr die Fuldaer Feuerwehr war die 17. RETTmobil \u201edie beste Messe aller Zeiten\u201c. Wie Brandoberamtsrat und Feuerwehrchef Thomas Helmer berichtete, sei das Interesse am neuen Notarzteinsatzfahrzeug, am neuen L\u00f6schfahrzeug und am Informationsangebot unglaublich gewesen; auch an den Unfallsimulationen und am Einsatz sehr starker akkubetriebener Hydraulik-Rettungsger\u00e4te. F\u00fcr die Netzwerkarbeit der Fuldaer Feuerwehr mit ihren 72 Hauptamtlichen und \u00fcber 800 Ehrenamtlichen biete die Messe als unbezahlbare Kommunikationsplattform unsch\u00e4tzbare Vorteile, betonte Helmer.<\/p>\n<p>Die Messe wurde von lokalen, regionalen und internationalen Medien und vor allem von der Fachpresse begleitet. 75 Journalisten aus der Bundesrepublik, \u00d6sterreich, der Schweiz, aus Italien und den USA waren akkreditiert.<br \/>\nDie 18. RETTmobil 2018 findet vom 16.bis zum 18. Mai auf der Messe Galerie in Fulda statt.<\/p>\n","protected":false},"excerpt":{"rendered":"<div class=\"tmnf_excerpt\"><p>Die beste RETTmobil aller Zeiten hat Rekorde gebrochen. Zur 17. Auflage der internationalen Leitmesse f\u00fcr Rettung und Mobilit\u00e4t vom 10. bis zum 12. Mai in Fulda kamen 28 512\u00c2\u00a0 Besucherinnen und Besucher aus aller Welt. Auch die Spitzenzahl von 525 Ausstellern best\u00e4tigt die globale Bedeutung und dramatische Aktualit\u00e4t der Leistungsschau. Hoch zufrieden sind alle: das &hellip;<\/p>\n<\/div>","protected":false},"author":1,"featured_media":163102,"comment_status":"closed","ping_status":"closed","sticky":false,"template":"","format":"standard","meta":{"footnotes":""},"categories":[1],"tags":[],"class_list":["post-163098","post","type-post","status-publish","format-standard","has-post-thumbnail","hentry","category-startseite"],"_links":{"self":[{"href":"https:\/\/www.fuldaernachrichten.de\/index.php?rest_route=\/wp\/v2\/posts\/163098","targetHints":{"allow":["GET"]}}],"collection":[{"href":"https:\/\/www.fuldaernachrichten.de\/index.php?rest_route=\/wp\/v2\/posts"}],"about":[{"href":"https:\/\/www.fuldaernachrichten.de\/index.php?rest_route=\/wp\/v2\/types\/post"}],"author":[{"embeddable":true,"href":"https:\/\/www.fuldaernachrichten.de\/index.php?rest_route=\/wp\/v2\/users\/1"}],"replies":[{"embeddable":true,"href":"https:\/\/www.fuldaernachrichten.de\/index.php?rest_route=%2Fwp%2Fv2%2Fcomments&post=163098"}],"version-history":[{"count":1,"href":"https:\/\/www.fuldaernachrichten.de\/index.php?rest_route=\/wp\/v2\/posts\/163098\/revisions"}],"predecessor-version":[{"id":163104,"href":"https:\/\/www.fuldaernachrichten.de\/index.php?rest_route=\/wp\/v2\/posts\/163098\/revisions\/163104"}],"wp:featuredmedia":[{"embeddable":true,"href":"https:\/\/www.fuldaernachrichten.de\/index.php?rest_route=\/wp\/v2\/media\/163102"}],"wp:attachment":[{"href":"https:\/\/www.fuldaernachrichten.de\/index.php?rest_route=%2Fwp%2Fv2%2Fmedia&parent=163098"}],"wp:term":[{"taxonomy":"category","embeddable":true,"href":"https:\/\/www.fuldaernachrichten.de\/index.php?rest_route=%2Fwp%2Fv2%2Fcategories&post=163098"},{"taxonomy":"post_tag","embeddable":true,"href":"https:\/\/www.fuldaernachrichten.de\/index.php?rest_route=%2Fwp%2Fv2%2Ftags&post=163098"}],"curies":[{"name":"wp","href":"https:\/\/api.w.org\/{rel}","templated":true}]}}