{"id":163086,"date":"2017-05-14T10:56:16","date_gmt":"2017-05-14T08:56:16","guid":{"rendered":"http:\/\/www.fuldaer-nachrichten.de\/?p=163086"},"modified":"2017-05-14T10:56:16","modified_gmt":"2017-05-14T08:56:16","slug":"auge-um-auge","status":"publish","type":"post","link":"https:\/\/www.fuldaernachrichten.de\/?p=163086","title":{"rendered":"\u201eAuge um Auge!\u201c"},"content":{"rendered":"<p>Am Mittwoch, den 17. Mai 2017, 19.00 Uhr findet im Bonifatiushaus ein Vortrag zu Geschichte und Gegenwart des Rechtsgrundsatzes \u00e2\u20ac\u0161Auge um Auge, Zahn um Zahn!\u201c statt. Wo kommt er her? Was bedeutet er? Wo fand und findet er heute noch Anwendung? Es spricht Abraham de Wolf, Rechtsanwalt aus Frankfurt und Vorsitzender des Vereins zur F\u00f6rderung angewandter j\u00fcdischer Wirtschafts- und Sozialethik e.V. Die Veranstaltung ist eine Zusammenarbeit des Bonifatiushauses mit dem Verein f\u00fcr Christlich-J\u00fcdische Zusammenarbeit e.V., Fulda. Der Eintritt ist frei. Um Anmeldung wird aus organisatorischen Gr\u00fcnden gebeten unter Tel.: 0661\/8398-117 oder unter info @bonifatiushaus.de.<\/p>\n","protected":false},"excerpt":{"rendered":"<div class=\"tmnf_excerpt\"><p>Am Mittwoch, den 17. Mai 2017, 19.00 Uhr findet im Bonifatiushaus ein Vortrag zu Geschichte und Gegenwart des Rechtsgrundsatzes \u00e2\u20ac\u0161Auge um Auge, Zahn um Zahn!\u201c statt. Wo kommt er her? Was bedeutet er? Wo fand und findet er heute noch Anwendung? Es spricht Abraham de Wolf, Rechtsanwalt aus Frankfurt und Vorsitzender des Vereins zur F\u00f6rderung &hellip;<\/p>\n<\/div>","protected":false},"author":1,"featured_media":0,"comment_status":"closed","ping_status":"closed","sticky":false,"template":"","format":"standard","meta":{"footnotes":""},"categories":[1],"tags":[],"class_list":["post-163086","post","type-post","status-publish","format-standard","hentry","category-startseite"],"_links":{"self":[{"href":"https:\/\/www.fuldaernachrichten.de\/index.php?rest_route=\/wp\/v2\/posts\/163086","targetHints":{"allow":["GET"]}}],"collection":[{"href":"https:\/\/www.fuldaernachrichten.de\/index.php?rest_route=\/wp\/v2\/posts"}],"about":[{"href":"https:\/\/www.fuldaernachrichten.de\/index.php?rest_route=\/wp\/v2\/types\/post"}],"author":[{"embeddable":true,"href":"https:\/\/www.fuldaernachrichten.de\/index.php?rest_route=\/wp\/v2\/users\/1"}],"replies":[{"embeddable":true,"href":"https:\/\/www.fuldaernachrichten.de\/index.php?rest_route=%2Fwp%2Fv2%2Fcomments&post=163086"}],"version-history":[{"count":1,"href":"https:\/\/www.fuldaernachrichten.de\/index.php?rest_route=\/wp\/v2\/posts\/163086\/revisions"}],"predecessor-version":[{"id":163090,"href":"https:\/\/www.fuldaernachrichten.de\/index.php?rest_route=\/wp\/v2\/posts\/163086\/revisions\/163090"}],"wp:attachment":[{"href":"https:\/\/www.fuldaernachrichten.de\/index.php?rest_route=%2Fwp%2Fv2%2Fmedia&parent=163086"}],"wp:term":[{"taxonomy":"category","embeddable":true,"href":"https:\/\/www.fuldaernachrichten.de\/index.php?rest_route=%2Fwp%2Fv2%2Fcategories&post=163086"},{"taxonomy":"post_tag","embeddable":true,"href":"https:\/\/www.fuldaernachrichten.de\/index.php?rest_route=%2Fwp%2Fv2%2Ftags&post=163086"}],"curies":[{"name":"wp","href":"https:\/\/api.w.org\/{rel}","templated":true}]}}