{"id":163084,"date":"2017-05-14T10:57:05","date_gmt":"2017-05-14T08:57:05","guid":{"rendered":"http:\/\/www.fuldaer-nachrichten.de\/?p=163084"},"modified":"2017-05-14T10:57:05","modified_gmt":"2017-05-14T08:57:05","slug":"mdk-prueft-sozialstation-eichhof-und-vergibt-bestnoten","status":"publish","type":"post","link":"https:\/\/www.fuldaernachrichten.de\/?p=163084","title":{"rendered":"MDK pr\u00fcft Sozialstation Eichhof und vergibt Bestnoten"},"content":{"rendered":"<p>Mit erweiterten Kriterien \u00fcberpr\u00fcft der Medizinische Dienst der Krankenkassen (MDK) seit diesem Jahr die Qualit\u00e4tsstandards von ambulanten Pflegediensten. Mit der Note \u201eSehr gut\u201c (1,0) hat die Sozialstation Eichhof mit den Dependancen in Wartenberg, Schlitz und Schwalmtal von den Pr\u00fcfern erneut ein hervorragendes Zeugnis f\u00fcr die geleistete Arbeit ausgestellt bekommen.<\/p>\n<p>Mit diesem Ergebnis unterstreicht der MDK nachhaltig die Qualit\u00e4t der Lauterbacher Einrichtung, die zur Eichhof-Stiftung geh\u00f6rt. Besonderes Augenmerk wird dabei auf Leistung und Qualit\u00e4t der Pflege gelegt, aber auch auf Organisationsabl\u00e4ufe und seit diesem Jahr auf die Transparenz der Rechnungslegung. Die MDK-Qualit\u00e4tspr\u00fcfungen werden ver\u00f6ffentlicht und stellen sicher, dass den Pflegebed\u00fcrftigen und deren Angeh\u00f6rigen eine verst\u00e4ndliche Vergleichsbasis zur Verf\u00fcgung steht.<\/p>\n<p>Als herausragende Teamleistung der 92 Mitarbeiter, die insgesamt 897 Menschen im Vogelsbergkreis versorgen, wertet auch Pflegedienstleitung Hanne Steuernagel das Ergebnis. \u201eDer MDK pr\u00fcft im Rahmen der ein Tag zuvor angek\u00fcndigten Qualit\u00e4tsfeststellung\u00c2\u00a0 46 Einzelkriterien, die vier Qualit\u00e4tsbereichen zugeordnet sind. Den Schwerpunkt bildet dabei der Bereich \u201ePflegerische Leistungen\u201c, zu dem beispielsweise die individuelle K\u00f6rperpflege, das Erkennen von Dekubitusrisiken oder der Umgang mit demenzkranken Klienten geh\u00f6rt. Auch die Kommunikation mit den pflegenden Angeh\u00f6rigen, deren Betreuung in Form von Anleitungen und Ratschl\u00e4gen sind wichtige Bausteine unserer Arbeit\u201c, erl\u00e4utert die Leiterin. Besonderes Augenmerk legen die Pr\u00fcfer des MDKs auf die Umsetzung von \u00e4rztlich verordneten pflegerischen Leistungen, wie die Verabreichung von Spritzen, Medikamentenkontrolle oder Verbandwechsel. Auch das Erkennen von auftretenden Risiken, die Einleitung von entsprechenden Ma\u00dfnahmen und die Umsetzung von modifizierten Therapien spielen eine wesentliche Rolle bei der Beurteilung.<\/p>\n<p>Ausgezeichnete Kunden-Zufriedenheit<\/p>\n<p>Weitere wichtige Kriterien der \u00dcberpr\u00fcfung sind die organisatorischen Abl\u00e4ufe, wie die \u00fcbersichtliche, verst\u00e4ndliche und l\u00fcckenlose Pflegedokumentation, die Ausbildung der Mitarbeiter und deren pflegerische Qualit\u00e4t, die Einhaltung von Pflegestandards sowie die Freundlichkeit und Kompetenz der Fachkr\u00e4fte im Umgang mit den Klienten.\u00e2\u20ac\u00a8Um sich ein vollst\u00e4ndiges Bild der geleisteten Arbeit zu verschaffen, befragen die Gutachter\u00c2\u00a0 Patienten und Angeh\u00f6rige dar\u00fcber, welche Hilfe und Unterst\u00fctzung geleistet werden, ob es einen Pflegevertrag gibt, wie gut die Erreichbarkeit ist und ob die Privatsph\u00e4re respektiert wird. \u201eDie ausgezeichnete Beurteilung unserer Arbeit durch unsere Kunden best\u00e4tigt das hohe Qualit\u00e4tsniveau, das wir uns selbst auferlegen\u201c, freut sich Hanne Steuernagel \u00fcber die positive Kritik.<\/p>\n<p>Neu ist seit diesem Jahr die Pr\u00fcfung der Abrechnungen. Die Pr\u00fcfer beleuchten die Plausibilit\u00e4t und Transparenz der Rechnungslegung und die Einhaltung der gesetzlich vorgegebenen Regelungen. Auch hier bescheinigte der MDK der Sozialstation Eichhof ein vorbildliches Vorgehen.<\/p>\n<p>\u201eDas \u00fcberaus positive Ergebnis ist ein Verdienst des gesamten Teams, ganz gleich ob es sich um die Pflegekr\u00e4fte oder die Mitarbeiter der Verwaltung, Betreuung oder Hauswirtschaft handelt und spiegelt die hohe pers\u00f6nliche Identifikation mit unserer Einrichtung wider. Wir haben Spa\u00df an unserer Arbeit und auch das Miteinander stimmt. Das befl\u00fcgelt uns\u201c, sagt Steuernagel voller Stolz. Dieser Einsch\u00e4tzung pflichtet auch der Verwaltungsdirektor der Eichhof-Stiftung Lauterbach, Dr. Christof Erdmann, bei. \u201eWir k\u00f6nnen seit Jahren schon eine stetig gute Bewertung der anspruchsvollen Pr\u00fcfung verzeichnen. Mit der Bewertung 1,0 in allen Kriterien haben wir das Optimum erreicht\u201c, sagt der Verwaltungschef und gratuliert den Mitarbeitern der Sozialstation Eichhof. Die Verantwortlichen versprechen, alles daran zu setzen, dass dies auch in Zukunft so bleibt.<\/p>\n<p>BU: Das Team der Sozialstation Eichhof ist stolz auf die Beurteilung durch den MDK und sieht es als Best\u00e4tigung hervorragender Arbeit an.<\/p>\n","protected":false},"excerpt":{"rendered":"<div class=\"tmnf_excerpt\"><p>Mit erweiterten Kriterien \u00fcberpr\u00fcft der Medizinische Dienst der Krankenkassen (MDK) seit diesem Jahr die Qualit\u00e4tsstandards von ambulanten Pflegediensten. Mit der Note \u201eSehr gut\u201c (1,0) hat die Sozialstation Eichhof mit den Dependancen in Wartenberg, Schlitz und Schwalmtal von den Pr\u00fcfern erneut ein hervorragendes Zeugnis f\u00fcr die geleistete Arbeit ausgestellt bekommen. Mit diesem Ergebnis unterstreicht der MDK &hellip;<\/p>\n<\/div>","protected":false},"author":1,"featured_media":163087,"comment_status":"closed","ping_status":"closed","sticky":false,"template":"","format":"standard","meta":{"footnotes":""},"categories":[1],"tags":[],"class_list":["post-163084","post","type-post","status-publish","format-standard","has-post-thumbnail","hentry","category-startseite"],"_links":{"self":[{"href":"https:\/\/www.fuldaernachrichten.de\/index.php?rest_route=\/wp\/v2\/posts\/163084","targetHints":{"allow":["GET"]}}],"collection":[{"href":"https:\/\/www.fuldaernachrichten.de\/index.php?rest_route=\/wp\/v2\/posts"}],"about":[{"href":"https:\/\/www.fuldaernachrichten.de\/index.php?rest_route=\/wp\/v2\/types\/post"}],"author":[{"embeddable":true,"href":"https:\/\/www.fuldaernachrichten.de\/index.php?rest_route=\/wp\/v2\/users\/1"}],"replies":[{"embeddable":true,"href":"https:\/\/www.fuldaernachrichten.de\/index.php?rest_route=%2Fwp%2Fv2%2Fcomments&post=163084"}],"version-history":[{"count":1,"href":"https:\/\/www.fuldaernachrichten.de\/index.php?rest_route=\/wp\/v2\/posts\/163084\/revisions"}],"predecessor-version":[{"id":163095,"href":"https:\/\/www.fuldaernachrichten.de\/index.php?rest_route=\/wp\/v2\/posts\/163084\/revisions\/163095"}],"wp:featuredmedia":[{"embeddable":true,"href":"https:\/\/www.fuldaernachrichten.de\/index.php?rest_route=\/wp\/v2\/media\/163087"}],"wp:attachment":[{"href":"https:\/\/www.fuldaernachrichten.de\/index.php?rest_route=%2Fwp%2Fv2%2Fmedia&parent=163084"}],"wp:term":[{"taxonomy":"category","embeddable":true,"href":"https:\/\/www.fuldaernachrichten.de\/index.php?rest_route=%2Fwp%2Fv2%2Fcategories&post=163084"},{"taxonomy":"post_tag","embeddable":true,"href":"https:\/\/www.fuldaernachrichten.de\/index.php?rest_route=%2Fwp%2Fv2%2Ftags&post=163084"}],"curies":[{"name":"wp","href":"https:\/\/api.w.org\/{rel}","templated":true}]}}