{"id":163075,"date":"2017-05-14T10:55:18","date_gmt":"2017-05-14T08:55:18","guid":{"rendered":"http:\/\/www.fuldaer-nachrichten.de\/?p=163075"},"modified":"2017-05-14T10:55:18","modified_gmt":"2017-05-14T08:55:18","slug":"erlebnis-afrika","status":"publish","type":"post","link":"https:\/\/www.fuldaernachrichten.de\/?p=163075","title":{"rendered":"Erlebnis Afrika"},"content":{"rendered":"<p><a href=\"http:\/\/www.fuldaer-nachrichten.de\/wp-content\/uploads\/2017\/05\/Flyer-Erlebnis-Afrika-2017.jpg\"><img fetchpriority=\"high\" decoding=\"async\" src=\"http:\/\/www.fuldaer-nachrichten.de\/wp-content\/uploads\/2017\/05\/Flyer-Erlebnis-Afrika-2017-265x375.jpg\" alt=\"\" width=\"265\" height=\"375\" class=\"alignleft size-thumbnail wp-image-163082\" srcset=\"https:\/\/www.fuldaernachrichten.de\/wp-content\/uploads\/2017\/05\/Flyer-Erlebnis-Afrika-2017-265x375.jpg 265w, https:\/\/www.fuldaernachrichten.de\/wp-content\/uploads\/2017\/05\/Flyer-Erlebnis-Afrika-2017-188x265.jpg 188w, https:\/\/www.fuldaernachrichten.de\/wp-content\/uploads\/2017\/05\/Flyer-Erlebnis-Afrika-2017-768x1085.jpg 768w, https:\/\/www.fuldaernachrichten.de\/wp-content\/uploads\/2017\/05\/Flyer-Erlebnis-Afrika-2017-425x600.jpg 425w, https:\/\/www.fuldaernachrichten.de\/wp-content\/uploads\/2017\/05\/Flyer-Erlebnis-Afrika-2017.jpg 900w\" sizes=\"(max-width: 265px) 100vw, 265px\" \/><\/a>Am 10. Juni ist es ab 18.00 Uhr wieder soweit \u2013 ERLEBNIS AFRIKA. In der Cafeteria, der Festscheune und dem angrenzenden Gel\u00e4nde wird den Besuchern bei freiem Eintritt, untermalt mit afrikanischer Musik, ein kulinarischer Streifzug durch Afrika geboten. Dar\u00fcber hinaus werden afrikanische Weine und sogar afrikanische Cocktails, aber auch deutsches Bier und alkoholfreie Getr\u00e4nke an den verschiedenen St\u00e4nden daf\u00fcr sorgen, dass f\u00fcr jeden Geschmack etwas dabei ist. Um 19 Uhr beginnen die Live-Darbietungen des afrikanischen Liedermachers Urbain N&#8217;Dakon &#038; Friends und es tritt aus Fulda ebenfalls der Chor Ubuntu auf.  Zum Programm des promovierten, aus der Elfenbeink\u00fcste stammenden Germanisten N\u00e2\u20ac\u2122Dakon geh\u00f6ren auch Erkl\u00e4rungen \u00fcber die tiefgr\u00fcndigen Inhalte seiner selbst-komponierten Lieder. Mit gewohnter Souver\u00e4nit\u00e4t wird Colette Wandjugu-D\u00f6ppner durch das Programm f\u00fchren. <\/p>\n<p>Der Erl\u00f6s der Veranstaltung flie\u00dft zu 100 %, also ohne Abzug von Verwaltungs- und Reisekosten, in die Hilfsprojekte der Fuldaer THOMAS ENGEL-Stiftung. Dabei geht es \u00fcberwiegend um die Versorgung und Ausbildung von einigen Tausend Aidswaisenkindern im s\u00fcdafrikanischen Swasiland.<\/p>\n","protected":false},"excerpt":{"rendered":"<div class=\"tmnf_excerpt\"><p>Am 10. Juni ist es ab 18.00 Uhr wieder soweit \u2013 ERLEBNIS AFRIKA. In der Cafeteria, der Festscheune und dem angrenzenden Gel\u00e4nde wird den Besuchern bei freiem Eintritt, untermalt mit afrikanischer Musik, ein kulinarischer Streifzug durch Afrika geboten. Dar\u00fcber hinaus werden afrikanische Weine und sogar afrikanische Cocktails, aber auch deutsches Bier und alkoholfreie Getr\u00e4nke an &hellip;<\/p>\n<\/div>","protected":false},"author":1,"featured_media":163081,"comment_status":"closed","ping_status":"closed","sticky":false,"template":"","format":"standard","meta":{"footnotes":""},"categories":[1],"tags":[],"class_list":["post-163075","post","type-post","status-publish","format-standard","has-post-thumbnail","hentry","category-startseite"],"_links":{"self":[{"href":"https:\/\/www.fuldaernachrichten.de\/index.php?rest_route=\/wp\/v2\/posts\/163075","targetHints":{"allow":["GET"]}}],"collection":[{"href":"https:\/\/www.fuldaernachrichten.de\/index.php?rest_route=\/wp\/v2\/posts"}],"about":[{"href":"https:\/\/www.fuldaernachrichten.de\/index.php?rest_route=\/wp\/v2\/types\/post"}],"author":[{"embeddable":true,"href":"https:\/\/www.fuldaernachrichten.de\/index.php?rest_route=\/wp\/v2\/users\/1"}],"replies":[{"embeddable":true,"href":"https:\/\/www.fuldaernachrichten.de\/index.php?rest_route=%2Fwp%2Fv2%2Fcomments&post=163075"}],"version-history":[{"count":1,"href":"https:\/\/www.fuldaernachrichten.de\/index.php?rest_route=\/wp\/v2\/posts\/163075\/revisions"}],"predecessor-version":[{"id":163083,"href":"https:\/\/www.fuldaernachrichten.de\/index.php?rest_route=\/wp\/v2\/posts\/163075\/revisions\/163083"}],"wp:featuredmedia":[{"embeddable":true,"href":"https:\/\/www.fuldaernachrichten.de\/index.php?rest_route=\/wp\/v2\/media\/163081"}],"wp:attachment":[{"href":"https:\/\/www.fuldaernachrichten.de\/index.php?rest_route=%2Fwp%2Fv2%2Fmedia&parent=163075"}],"wp:term":[{"taxonomy":"category","embeddable":true,"href":"https:\/\/www.fuldaernachrichten.de\/index.php?rest_route=%2Fwp%2Fv2%2Fcategories&post=163075"},{"taxonomy":"post_tag","embeddable":true,"href":"https:\/\/www.fuldaernachrichten.de\/index.php?rest_route=%2Fwp%2Fv2%2Ftags&post=163075"}],"curies":[{"name":"wp","href":"https:\/\/api.w.org\/{rel}","templated":true}]}}