{"id":163066,"date":"2017-05-14T10:38:24","date_gmt":"2017-05-14T08:38:24","guid":{"rendered":"http:\/\/www.fuldaer-nachrichten.de\/?p=163066"},"modified":"2017-05-14T10:38:24","modified_gmt":"2017-05-14T08:38:24","slug":"gestatten-kultur-19-ausstellung-der-tanner-diakonie","status":"publish","type":"post","link":"https:\/\/www.fuldaernachrichten.de\/?p=163066","title":{"rendered":"Gestatten, Kultur! 19. Ausstellung der Tanner Diakonie"},"content":{"rendered":"<p>Seit 1999 pr\u00e4sentiert die Tanner Diakonie die Kunstausstellung \u201eGestatten, Kultur!\u201c, bei der Werke von K\u00fcnstlern mit und ohne Beeintr\u00e4chtigungen gezeigt werden. Auch in diesem Jahr zeigt die Tanner Diakonie eine interessante Komposition aus Malerei, Fotografien und Skulpturen. Kurator der inklusiven Ausstellung ist der K\u00fcnstler und Kunsttherapeut Bernd Baldus. Schirmherr des Projektes ist Herr Michael Brand, Mitglied des Deutschen Bundestages.<\/p>\n<p>Zur Ausstellungser\u00f6ffnung am Sonntag, den 14. Mai 2017 um 14.00 Uhr, l\u00e4dt die Tanner Diakonie herzlich in das Naturmuseum zu Tann ein. F\u00fcr die musikalische Umrahmung der Vernissage sorgt die Band \u201eOAZO\u201c.<\/p>\n<p>In den folgenden vier Wochen ist die Ausstellung t\u00e4glich au\u00dfer Montag von 10.00 bis 17.00 Uhr zu sehen. Das Naturmuseum zu Tann befindet sich (von Fulda kommend) links hinter dem bekannten Tanner Stadttor. Die Ausstellung \u201eGestatten Kultur!\u201c findet unter j\u00e4hrlich wechselnden Vorzeichen zum 19. Mal in Folge statt und zieht Jahr f\u00fcr Jahr Kunstfreunde aus nah und fern in die Rh\u00f6nstadt.   <\/p>\n<p>Ort: Naturmuseum zu Tann,<br \/>\nMarktplatz 6, 36142 Tann (Rh\u00f6n)<br \/>\nDatum: 14.05.2017 bis 14.06.2017<br \/>\nt\u00e4glich 10 &#8211; 17 Uhr (au\u00dfer montags)<\/p>\n<p>DIE K\u00dcNSTLER :<\/p>\n<p>Mustapha el Ayachi<br \/>\nAngelika Bock<br \/>\nGert Gekeler<br \/>\nStefanie Fischer<br \/>\nHeinz Grass<br \/>\nRosemarie G\u00fcnther<br \/>\nGertrude H\u00fcbner<br \/>\nKamen Kissomov<br \/>\nJean Piere Singh<br \/>\nWinfried Traum\u00fcller<br \/>\nClaus Weber<br \/>\nMatthias Weidemann<\/p>\n","protected":false},"excerpt":{"rendered":"<div class=\"tmnf_excerpt\"><p>Seit 1999 pr\u00e4sentiert die Tanner Diakonie die Kunstausstellung \u201eGestatten, Kultur!\u201c, bei der Werke von K\u00fcnstlern mit und ohne Beeintr\u00e4chtigungen gezeigt werden. Auch in diesem Jahr zeigt die Tanner Diakonie eine interessante Komposition aus Malerei, Fotografien und Skulpturen. Kurator der inklusiven Ausstellung ist der K\u00fcnstler und Kunsttherapeut Bernd Baldus. Schirmherr des Projektes ist Herr Michael Brand, &hellip;<\/p>\n<\/div>","protected":false},"author":1,"featured_media":163067,"comment_status":"closed","ping_status":"closed","sticky":false,"template":"","format":"standard","meta":{"footnotes":""},"categories":[1],"tags":[],"class_list":["post-163066","post","type-post","status-publish","format-standard","has-post-thumbnail","hentry","category-startseite"],"_links":{"self":[{"href":"https:\/\/www.fuldaernachrichten.de\/index.php?rest_route=\/wp\/v2\/posts\/163066","targetHints":{"allow":["GET"]}}],"collection":[{"href":"https:\/\/www.fuldaernachrichten.de\/index.php?rest_route=\/wp\/v2\/posts"}],"about":[{"href":"https:\/\/www.fuldaernachrichten.de\/index.php?rest_route=\/wp\/v2\/types\/post"}],"author":[{"embeddable":true,"href":"https:\/\/www.fuldaernachrichten.de\/index.php?rest_route=\/wp\/v2\/users\/1"}],"replies":[{"embeddable":true,"href":"https:\/\/www.fuldaernachrichten.de\/index.php?rest_route=%2Fwp%2Fv2%2Fcomments&post=163066"}],"version-history":[{"count":1,"href":"https:\/\/www.fuldaernachrichten.de\/index.php?rest_route=\/wp\/v2\/posts\/163066\/revisions"}],"predecessor-version":[{"id":163068,"href":"https:\/\/www.fuldaernachrichten.de\/index.php?rest_route=\/wp\/v2\/posts\/163066\/revisions\/163068"}],"wp:featuredmedia":[{"embeddable":true,"href":"https:\/\/www.fuldaernachrichten.de\/index.php?rest_route=\/wp\/v2\/media\/163067"}],"wp:attachment":[{"href":"https:\/\/www.fuldaernachrichten.de\/index.php?rest_route=%2Fwp%2Fv2%2Fmedia&parent=163066"}],"wp:term":[{"taxonomy":"category","embeddable":true,"href":"https:\/\/www.fuldaernachrichten.de\/index.php?rest_route=%2Fwp%2Fv2%2Fcategories&post=163066"},{"taxonomy":"post_tag","embeddable":true,"href":"https:\/\/www.fuldaernachrichten.de\/index.php?rest_route=%2Fwp%2Fv2%2Ftags&post=163066"}],"curies":[{"name":"wp","href":"https:\/\/api.w.org\/{rel}","templated":true}]}}