{"id":163051,"date":"2017-05-14T10:37:34","date_gmt":"2017-05-14T08:37:34","guid":{"rendered":"http:\/\/www.fuldaer-nachrichten.de\/?p=163051"},"modified":"2017-05-14T10:37:34","modified_gmt":"2017-05-14T08:37:34","slug":"offener-garten-in-der-alten-kelterei","status":"publish","type":"post","link":"https:\/\/www.fuldaernachrichten.de\/?p=163051","title":{"rendered":"Offener Garten in der Alten Kelterei"},"content":{"rendered":"<p><a href=\"http:\/\/www.fuldaer-nachrichten.de\/wp-content\/uploads\/2017\/05\/P1010088.jpg\"><img fetchpriority=\"high\" decoding=\"async\" src=\"http:\/\/www.fuldaer-nachrichten.de\/wp-content\/uploads\/2017\/05\/P1010088-265x199.jpg\" alt=\"\" width=\"265\" height=\"199\" class=\"alignleft size-thumbnail wp-image-163055\" srcset=\"https:\/\/www.fuldaernachrichten.de\/wp-content\/uploads\/2017\/05\/P1010088-265x199.jpg 265w, https:\/\/www.fuldaernachrichten.de\/wp-content\/uploads\/2017\/05\/P1010088-768x576.jpg 768w, https:\/\/www.fuldaernachrichten.de\/wp-content\/uploads\/2017\/05\/P1010088-600x450.jpg 600w, https:\/\/www.fuldaernachrichten.de\/wp-content\/uploads\/2017\/05\/P1010088.jpg 900w\" sizes=\"(max-width: 265px) 100vw, 265px\" \/><\/a>Der Garten rund um die Alte Kelterei beeindruckt und begeistert gleicherma\u00dfen. Kaum ein Besucher, der sich dem Zauber dieser wilden Sch\u00f6nheit entziehen kann und nicht die eine oder andere Frage an die G\u00e4rtnerin hat. Nun l\u00e4dt Liane Kohn zum zweiten Mal in ihren \u201eOffenen Garten\u201c ein: Am 20. Mai k\u00f6nnen Besucherinnen und Besucher bei Kaffee und Kuchen den sch\u00f6nen Bauerngarten rund um das Fachwerkensemble entdecken. Von 11 bis 17 Uhr kann man in dem Garten flanieren, das Tagungshaus besichtigen, im kleinen Kellerflohmarkt st\u00f6bern oder sich \u00fcber das geplante Wohnprojekt informieren. Das Tagungshaus bleibt \u00fcbrigens unber\u00fchrt von den Wohnprojektpl\u00e4nen weiterhin aktiv und steht nunmehr auch im 30 Jahr der Leitung unter Liane Kohn Interessenten aus der Region und aus der weiteren Umgebung bereit.<\/p>\n","protected":false},"excerpt":{"rendered":"<div class=\"tmnf_excerpt\"><p>Der Garten rund um die Alte Kelterei beeindruckt und begeistert gleicherma\u00dfen. Kaum ein Besucher, der sich dem Zauber dieser wilden Sch\u00f6nheit entziehen kann und nicht die eine oder andere Frage an die G\u00e4rtnerin hat. Nun l\u00e4dt Liane Kohn zum zweiten Mal in ihren \u201eOffenen Garten\u201c ein: Am 20. Mai k\u00f6nnen Besucherinnen und Besucher bei Kaffee &hellip;<\/p>\n<\/div>","protected":false},"author":1,"featured_media":163054,"comment_status":"closed","ping_status":"closed","sticky":false,"template":"","format":"standard","meta":{"footnotes":""},"categories":[1],"tags":[],"class_list":["post-163051","post","type-post","status-publish","format-standard","has-post-thumbnail","hentry","category-startseite"],"_links":{"self":[{"href":"https:\/\/www.fuldaernachrichten.de\/index.php?rest_route=\/wp\/v2\/posts\/163051","targetHints":{"allow":["GET"]}}],"collection":[{"href":"https:\/\/www.fuldaernachrichten.de\/index.php?rest_route=\/wp\/v2\/posts"}],"about":[{"href":"https:\/\/www.fuldaernachrichten.de\/index.php?rest_route=\/wp\/v2\/types\/post"}],"author":[{"embeddable":true,"href":"https:\/\/www.fuldaernachrichten.de\/index.php?rest_route=\/wp\/v2\/users\/1"}],"replies":[{"embeddable":true,"href":"https:\/\/www.fuldaernachrichten.de\/index.php?rest_route=%2Fwp%2Fv2%2Fcomments&post=163051"}],"version-history":[{"count":1,"href":"https:\/\/www.fuldaernachrichten.de\/index.php?rest_route=\/wp\/v2\/posts\/163051\/revisions"}],"predecessor-version":[{"id":163062,"href":"https:\/\/www.fuldaernachrichten.de\/index.php?rest_route=\/wp\/v2\/posts\/163051\/revisions\/163062"}],"wp:featuredmedia":[{"embeddable":true,"href":"https:\/\/www.fuldaernachrichten.de\/index.php?rest_route=\/wp\/v2\/media\/163054"}],"wp:attachment":[{"href":"https:\/\/www.fuldaernachrichten.de\/index.php?rest_route=%2Fwp%2Fv2%2Fmedia&parent=163051"}],"wp:term":[{"taxonomy":"category","embeddable":true,"href":"https:\/\/www.fuldaernachrichten.de\/index.php?rest_route=%2Fwp%2Fv2%2Fcategories&post=163051"},{"taxonomy":"post_tag","embeddable":true,"href":"https:\/\/www.fuldaernachrichten.de\/index.php?rest_route=%2Fwp%2Fv2%2Ftags&post=163051"}],"curies":[{"name":"wp","href":"https:\/\/api.w.org\/{rel}","templated":true}]}}