{"id":163045,"date":"2017-05-14T10:37:12","date_gmt":"2017-05-14T08:37:12","guid":{"rendered":"http:\/\/www.fuldaer-nachrichten.de\/?p=163045"},"modified":"2017-05-14T10:37:12","modified_gmt":"2017-05-14T08:37:12","slug":"drei-tage-mit-drei-events-festtage-um-christi-himmelfahrt","status":"publish","type":"post","link":"https:\/\/www.fuldaernachrichten.de\/?p=163045","title":{"rendered":"Drei Tage mit drei Events &#8211; Festtage um Christi Himmelfahrt"},"content":{"rendered":"<p><a href=\"http:\/\/www.fuldaer-nachrichten.de\/wp-content\/uploads\/2017\/05\/flurg\u00f6nder17-001.jpg\"><img fetchpriority=\"high\" decoding=\"async\" src=\"http:\/\/www.fuldaer-nachrichten.de\/wp-content\/uploads\/2017\/05\/flurg\u00f6nder17-001-265x375.jpg\" alt=\"\" width=\"265\" height=\"375\" class=\"alignleft size-thumbnail wp-image-163059\" \/><\/a>An Christi Himmelfahrt startet ab 10:00 Uhr unser verl\u00e4ngertes Wochenende mit dem traditionellen Flurg\u00f6nderfest im B\u00fcrgerhaus Dirlos. Neben der schmackhaften Fleischspezialit\u00e4t und Gegrilltem, servieren wir Kaffee und Kuchen zu z\u00fcnftigen Kl\u00e4ngen der Dirloser Feuerwehrmusikanten und der Blaskapelle Rh\u00f6ner Herz aus Reulbach-Brand. Am Freitag, den 26. Mai, findet ab 18:30 Uhr das Fr\u00fchlingskonzert unserer drei Musikgruppen ebenfalls im B\u00fcrgerhaus statt. Die kleinen Tondrachen, das Jugendorchester Firetones und das gro\u00dfe Hauptorchester sind mit von der Partie. Jung und Alt laden wir hierzu herzlich ein &#8211; und der Eintritt ist frei! Am n\u00e4chsten Tag, am Samstag den 27. Mai, \u00f6ffnen wir allen interessierten Kindern, Jugendlichen und Eltern unsere T\u00fcren. Mit Instrumenten zum Anfassen, der Vermittlung von Instrumentallehrern und Informationen \u00fcber unsere Nachwuchs- und Vereinsarbeit, haben wir von 11:00 &#8211; 14:00 Uhr in unseren Prober\u00e4umlichkeiten neben dem B\u00fcrgerhaus Dirlos f\u00fcr alle Fragen ein offenes Ohr.<\/p>\n","protected":false},"excerpt":{"rendered":"<div class=\"tmnf_excerpt\"><p>An Christi Himmelfahrt startet ab 10:00 Uhr unser verl\u00e4ngertes Wochenende mit dem traditionellen Flurg\u00f6nderfest im B\u00fcrgerhaus Dirlos. Neben der schmackhaften Fleischspezialit\u00e4t und Gegrilltem, servieren wir Kaffee und Kuchen zu z\u00fcnftigen Kl\u00e4ngen der Dirloser Feuerwehrmusikanten und der Blaskapelle Rh\u00f6ner Herz aus Reulbach-Brand. Am Freitag, den 26. Mai, findet ab 18:30 Uhr das Fr\u00fchlingskonzert unserer drei Musikgruppen &hellip;<\/p>\n<\/div>","protected":false},"author":1,"featured_media":163058,"comment_status":"closed","ping_status":"closed","sticky":false,"template":"","format":"standard","meta":{"footnotes":""},"categories":[1],"tags":[],"class_list":["post-163045","post","type-post","status-publish","format-standard","has-post-thumbnail","hentry","category-startseite"],"_links":{"self":[{"href":"https:\/\/www.fuldaernachrichten.de\/index.php?rest_route=\/wp\/v2\/posts\/163045","targetHints":{"allow":["GET"]}}],"collection":[{"href":"https:\/\/www.fuldaernachrichten.de\/index.php?rest_route=\/wp\/v2\/posts"}],"about":[{"href":"https:\/\/www.fuldaernachrichten.de\/index.php?rest_route=\/wp\/v2\/types\/post"}],"author":[{"embeddable":true,"href":"https:\/\/www.fuldaernachrichten.de\/index.php?rest_route=\/wp\/v2\/users\/1"}],"replies":[{"embeddable":true,"href":"https:\/\/www.fuldaernachrichten.de\/index.php?rest_route=%2Fwp%2Fv2%2Fcomments&post=163045"}],"version-history":[{"count":1,"href":"https:\/\/www.fuldaernachrichten.de\/index.php?rest_route=\/wp\/v2\/posts\/163045\/revisions"}],"predecessor-version":[{"id":163060,"href":"https:\/\/www.fuldaernachrichten.de\/index.php?rest_route=\/wp\/v2\/posts\/163045\/revisions\/163060"}],"wp:featuredmedia":[{"embeddable":true,"href":"https:\/\/www.fuldaernachrichten.de\/index.php?rest_route=\/wp\/v2\/media\/163058"}],"wp:attachment":[{"href":"https:\/\/www.fuldaernachrichten.de\/index.php?rest_route=%2Fwp%2Fv2%2Fmedia&parent=163045"}],"wp:term":[{"taxonomy":"category","embeddable":true,"href":"https:\/\/www.fuldaernachrichten.de\/index.php?rest_route=%2Fwp%2Fv2%2Fcategories&post=163045"},{"taxonomy":"post_tag","embeddable":true,"href":"https:\/\/www.fuldaernachrichten.de\/index.php?rest_route=%2Fwp%2Fv2%2Ftags&post=163045"}],"curies":[{"name":"wp","href":"https:\/\/api.w.org\/{rel}","templated":true}]}}