{"id":163023,"date":"2017-05-14T10:28:51","date_gmt":"2017-05-14T08:28:51","guid":{"rendered":"http:\/\/www.fuldaer-nachrichten.de\/?p=163023"},"modified":"2017-05-14T10:28:51","modified_gmt":"2017-05-14T08:28:51","slug":"wildtulpen-in-voller-pracht","status":"publish","type":"post","link":"https:\/\/www.fuldaernachrichten.de\/?p=163023","title":{"rendered":"Wildtulpen in voller Pracht"},"content":{"rendered":"<p><a href=\"http:\/\/www.fuldaer-nachrichten.de\/wp-content\/uploads\/2017\/05\/Wildtulpen1.jpg\"><img decoding=\"async\" src=\"http:\/\/www.fuldaer-nachrichten.de\/wp-content\/uploads\/2017\/05\/Wildtulpen1-265x149.jpg\" alt=\"\" width=\"265\" height=\"149\" class=\"alignleft size-thumbnail wp-image-163027\" srcset=\"https:\/\/www.fuldaernachrichten.de\/wp-content\/uploads\/2017\/05\/Wildtulpen1-265x149.jpg 265w, https:\/\/www.fuldaernachrichten.de\/wp-content\/uploads\/2017\/05\/Wildtulpen1-768x432.jpg 768w, https:\/\/www.fuldaernachrichten.de\/wp-content\/uploads\/2017\/05\/Wildtulpen1-600x337.jpg 600w, https:\/\/www.fuldaernachrichten.de\/wp-content\/uploads\/2017\/05\/Wildtulpen1.jpg 900w\" sizes=\"(max-width: 265px) 100vw, 265px\" \/><\/a>In voller Bl\u00fctenpracht stehen im Moment die Wildtulpen im Fuldaer Schlossgarten. Um die seltenen Pflanzen zu sch\u00fctzen, haben Mitarbeiter des St\u00e4dtischen Amtes f\u00fcr Gr\u00fcnfl\u00e4chen und Stadtservice Bereiche der Wiese im barocken Teil des Schlossgartens mit Seilen abgesperrt. <\/p>\n<p>Die Weinberg-, Wald- oder Wilde Tulpe (Tulipa sylvestris), die urspr\u00fcnglich aus dem Mittelmeerraum stammt, ist die einzige in Deutschland vorkommende Wildtulpenart, im Fuldaer Schlossgarten bildet das Vorkommen ein sogenanntes fl\u00e4chiges Naturdenkmal, das noch aus der Zeit um 1800 stammt, als der Schlossgarten vom Barockgarten zum Landschaftspark umgestaltet wurde. Ein weiteres Vorkommen in Region gibt es an der Propstei Johannesberg.<\/p>\n<p>Die Pflanzen stehen unter strengem Schutz. Zudem sind die Pflanzen gerade w\u00e4hrend der Bl\u00fcte besonders trittempfindlich. Deshalb bittet das Amt f\u00fcr Gr\u00fcnfl\u00e4chen und Stadtservice alle B\u00fcrger, die betreffenden Bereich des Schlossgartens nicht zu betreten und sich von den Wegen aus an der Bl\u00fctenpracht zu erfreuen. <\/p>\n","protected":false},"excerpt":{"rendered":"<div class=\"tmnf_excerpt\"><p>In voller Bl\u00fctenpracht stehen im Moment die Wildtulpen im Fuldaer Schlossgarten. Um die seltenen Pflanzen zu sch\u00fctzen, haben Mitarbeiter des St\u00e4dtischen Amtes f\u00fcr Gr\u00fcnfl\u00e4chen und Stadtservice Bereiche der Wiese im barocken Teil des Schlossgartens mit Seilen abgesperrt. Die Weinberg-, Wald- oder Wilde Tulpe (Tulipa sylvestris), die urspr\u00fcnglich aus dem Mittelmeerraum stammt, ist die einzige in &hellip;<\/p>\n<\/div>","protected":false},"author":1,"featured_media":163026,"comment_status":"closed","ping_status":"closed","sticky":false,"template":"","format":"standard","meta":{"footnotes":""},"categories":[1],"tags":[],"class_list":["post-163023","post","type-post","status-publish","format-standard","has-post-thumbnail","hentry","category-startseite"],"_links":{"self":[{"href":"https:\/\/www.fuldaernachrichten.de\/index.php?rest_route=\/wp\/v2\/posts\/163023","targetHints":{"allow":["GET"]}}],"collection":[{"href":"https:\/\/www.fuldaernachrichten.de\/index.php?rest_route=\/wp\/v2\/posts"}],"about":[{"href":"https:\/\/www.fuldaernachrichten.de\/index.php?rest_route=\/wp\/v2\/types\/post"}],"author":[{"embeddable":true,"href":"https:\/\/www.fuldaernachrichten.de\/index.php?rest_route=\/wp\/v2\/users\/1"}],"replies":[{"embeddable":true,"href":"https:\/\/www.fuldaernachrichten.de\/index.php?rest_route=%2Fwp%2Fv2%2Fcomments&post=163023"}],"version-history":[{"count":1,"href":"https:\/\/www.fuldaernachrichten.de\/index.php?rest_route=\/wp\/v2\/posts\/163023\/revisions"}],"predecessor-version":[{"id":163029,"href":"https:\/\/www.fuldaernachrichten.de\/index.php?rest_route=\/wp\/v2\/posts\/163023\/revisions\/163029"}],"wp:featuredmedia":[{"embeddable":true,"href":"https:\/\/www.fuldaernachrichten.de\/index.php?rest_route=\/wp\/v2\/media\/163026"}],"wp:attachment":[{"href":"https:\/\/www.fuldaernachrichten.de\/index.php?rest_route=%2Fwp%2Fv2%2Fmedia&parent=163023"}],"wp:term":[{"taxonomy":"category","embeddable":true,"href":"https:\/\/www.fuldaernachrichten.de\/index.php?rest_route=%2Fwp%2Fv2%2Fcategories&post=163023"},{"taxonomy":"post_tag","embeddable":true,"href":"https:\/\/www.fuldaernachrichten.de\/index.php?rest_route=%2Fwp%2Fv2%2Ftags&post=163023"}],"curies":[{"name":"wp","href":"https:\/\/api.w.org\/{rel}","templated":true}]}}