{"id":163001,"date":"2017-05-14T10:27:34","date_gmt":"2017-05-14T08:27:34","guid":{"rendered":"http:\/\/www.fuldaer-nachrichten.de\/?p=163001"},"modified":"2017-05-14T10:27:34","modified_gmt":"2017-05-14T08:27:34","slug":"kreisspitze-zu-besuch-%e2%80%a8im-klinikum-gersfeld","status":"publish","type":"post","link":"https:\/\/www.fuldaernachrichten.de\/?p=163001","title":{"rendered":"Kreisspitze zu Besuch \u00e2\u20ac\u00a8im Klinikum Gersfeld"},"content":{"rendered":"<p>Landrat Bernd Woide und Erster Kreisbeigeordneter Frederik Schmitt besuchten in Begleitung des Gersfelder B\u00fcrgermeisters Steffen Korrell das Klinikum Gersfeld. Empfangen wurden sie von den Gesch\u00e4ftsf\u00fchrern Andr\u00e9 Eydt, Jan Garlepp und Priv.-Doz. Dr. Thomas Menzel, die den G\u00e4sten von der sehr erfreulichen Entwicklung des Gersfelder Klinikums berichteten, das im Jahr 2014 vom Klinikum Fulda \u00fcbernommen worden war.<\/p>\n<p>Die G\u00e4ste konnten sich bei einem Rundgang von der ausgezeichneten modernen Ausstattung der Bettenstation und des OP-Bereiches und der au\u00dfergew\u00f6hnlich sch\u00f6nen Lage des Krankenhauses \u00fcberzeugen. Die im Jahr 2016 erfolgte Bettenerweiterung hat sich ausgezahlt, das Haus ist gut ausgelastet und schreibt schwarze Zahlen.<br \/>\nJan Garlepp, der auch \u00c4rztlicher Direktor des Klinikums Gersfeld ist, verwies auf die positive Entwicklung der Fallzahlen, die sich sowohl im ambulanten wie auch station\u00e4ren Bereich mehr  als verdoppelt haben. Die Nachfrage steigt weiter, so dass bereits \u00fcber eine erneute  Erweiterung nachgedacht wird.<\/p>\n<p>Neben dem Ausbau der station\u00e4ren Versorgung wurde auch das Angebot im Bereich der ambulanten Versorgung durch niedergelassene Kollegen um weitere Fachrichtungen erweitert. So wird in den R\u00e4umlichkeiten des angegliederten \u00c4rztehauses mittlerweile eine gastroenterologische, neurochirurgische und kardiologische Sprechstunde angeboten. Neue Kooperationspartner wurden f\u00fcr die Zusammenarbeit gewonnen. Insbesondere die enge Zusammenarbeit mit der unfallchirurgischen Abteilung von Prof. Dr. Martin Hessmann (Direktor der Klinik f\u00fcr Orthop\u00e4die und Unfallchirurgie des Klinikums Fulda) und dem Ortho Centrum Saale (OCS) aus Bad Neustadt hat im Bereich der Orthop\u00e4die und Unfallchirurgie zu einer Ausweitung des operativen Angebotes gef\u00fchrt.  Dieses Vervollst\u00e4ndigt die hervorragende und bew\u00e4hrte Zusammenarbeit mit weiteren Partnern. Zu diesen geh\u00f6ren: Praxis Dr. Marcus Seelig und Dr. Oliver Beaujean, Dr. Roland Krahl, Dr. Sonchai Tiyaworabun, Dr. Werner Holtermann, Dr. Roland Mostertz, Dr. Anke Schildmann, Dr. Joachim Eitel, Thomas Schachtschabel (OCS), Dr. Kai Witzel, Dr. Thomas Jansen (OCS), Dr. Thomas Krawczyk (OCS), Dr. Markus Sch\u00fcrkens (OCS), Dr. Peter M. Trus (OCS), Dr. Ralf Schmidt (Handchirurgie Klinikum Fulda), Prof. Dr. Robert Behr (Neurochirurgie Klinikum Fulda), Dr. Hans Schuster (MVZ Osthessen), Dr. Thomas G\u00fcnther (Praxis Innere Medizin Fulda), Dr. Caroline Lutz und die Acura Gersfeld.<\/p>\n<p>Vorstandssprecher Dr. Menzel betonte, dass das Klinikum Fulda und seine Tochterunternehmen sich auch weiterhin im Landkreis einbringen wird und gemeinsam mit den niedergelassenen \u00c4rzten f\u00fcr die Versorgung in der l\u00e4ndlichen Region zur Verf\u00fcgung steht. Landrat Woide betonte, dass dieses Engagement im Bereich der Rh\u00f6n Vorbildcharakter f\u00fcr l\u00e4ndliche Regionen habe und hebt besonders die gute Zusammenarbeit mit den niedergelassen \u00c4rztinnen und \u00c4rzten hervor. Es gelte Versorgungsl\u00fccken zu schlie\u00dfen und Patienten mit spezieller Fragestellung gemeinsam heimatnah zu betreuen.  <\/p>\n<p>Bildunterschrift (v. links):<br \/>\nAndr\u00e9 Eydt, Frederik Schmitt, Jan Garlepp, Bernd Woide, Steffen Korell, Priv.-Doz. Dr. Thomas Menzel<\/p>\n","protected":false},"excerpt":{"rendered":"<div class=\"tmnf_excerpt\"><p>Landrat Bernd Woide und Erster Kreisbeigeordneter Frederik Schmitt besuchten in Begleitung des Gersfelder B\u00fcrgermeisters Steffen Korrell das Klinikum Gersfeld. Empfangen wurden sie von den Gesch\u00e4ftsf\u00fchrern Andr\u00e9 Eydt, Jan Garlepp und Priv.-Doz. Dr. Thomas Menzel, die den G\u00e4sten von der sehr erfreulichen Entwicklung des Gersfelder Klinikums berichteten, das im Jahr 2014 vom Klinikum Fulda \u00fcbernommen worden &hellip;<\/p>\n<\/div>","protected":false},"author":1,"featured_media":163021,"comment_status":"closed","ping_status":"closed","sticky":false,"template":"","format":"standard","meta":{"footnotes":""},"categories":[1],"tags":[],"class_list":["post-163001","post","type-post","status-publish","format-standard","has-post-thumbnail","hentry","category-startseite"],"_links":{"self":[{"href":"https:\/\/www.fuldaernachrichten.de\/index.php?rest_route=\/wp\/v2\/posts\/163001","targetHints":{"allow":["GET"]}}],"collection":[{"href":"https:\/\/www.fuldaernachrichten.de\/index.php?rest_route=\/wp\/v2\/posts"}],"about":[{"href":"https:\/\/www.fuldaernachrichten.de\/index.php?rest_route=\/wp\/v2\/types\/post"}],"author":[{"embeddable":true,"href":"https:\/\/www.fuldaernachrichten.de\/index.php?rest_route=\/wp\/v2\/users\/1"}],"replies":[{"embeddable":true,"href":"https:\/\/www.fuldaernachrichten.de\/index.php?rest_route=%2Fwp%2Fv2%2Fcomments&post=163001"}],"version-history":[{"count":1,"href":"https:\/\/www.fuldaernachrichten.de\/index.php?rest_route=\/wp\/v2\/posts\/163001\/revisions"}],"predecessor-version":[{"id":163022,"href":"https:\/\/www.fuldaernachrichten.de\/index.php?rest_route=\/wp\/v2\/posts\/163001\/revisions\/163022"}],"wp:featuredmedia":[{"embeddable":true,"href":"https:\/\/www.fuldaernachrichten.de\/index.php?rest_route=\/wp\/v2\/media\/163021"}],"wp:attachment":[{"href":"https:\/\/www.fuldaernachrichten.de\/index.php?rest_route=%2Fwp%2Fv2%2Fmedia&parent=163001"}],"wp:term":[{"taxonomy":"category","embeddable":true,"href":"https:\/\/www.fuldaernachrichten.de\/index.php?rest_route=%2Fwp%2Fv2%2Fcategories&post=163001"},{"taxonomy":"post_tag","embeddable":true,"href":"https:\/\/www.fuldaernachrichten.de\/index.php?rest_route=%2Fwp%2Fv2%2Ftags&post=163001"}],"curies":[{"name":"wp","href":"https:\/\/api.w.org\/{rel}","templated":true}]}}