{"id":163000,"date":"2017-05-14T10:26:42","date_gmt":"2017-05-14T08:26:42","guid":{"rendered":"http:\/\/www.fuldaer-nachrichten.de\/?p=163000"},"modified":"2017-05-14T10:26:42","modified_gmt":"2017-05-14T08:26:42","slug":"informationsveranstaltung-samstage-gegen-das-vergessen-geht-in-die-zweite-runde","status":"publish","type":"post","link":"https:\/\/www.fuldaernachrichten.de\/?p=163000","title":{"rendered":"Informationsveranstaltung: \u201eSamstage gegen das Vergessen\u201c geht in die zweite Runde"},"content":{"rendered":"<p>Es gibt eine Neuauflage der \u201eSamstage gegen das Vergessen\u201c: Diese Demenz-Aktionstage hatte das Handlungsfeld \u201eGesundheit und Pflege\u201c im Vogelsberger Familienb\u00fcndnis mit Partnern vor Ort in allen 19 St\u00e4dten und Gemeinden des Vogelsbergkreises angeboten. Die Resonanz war so positiv, dass nun eine Fortsetzung der Serie vorgesehen ist . Bevor aber eine weitere \u201eRundreise\u201c mit einem etwas ver\u00e4nderten Konzept startet, soll Bilanz gezogen werden: Landrat Manfred G\u00f6rig l\u00e4dt daher zu einer Informationsveranstaltung am Donnerstag, 18. Mai, um 18 Uhr in die Aula der Sparkasse Oberhessen in Lauterbach  ein. Zun\u00e4chst gibt es einen R\u00fcckblick in Bildern auf die \u201eSamstage gegen das Vergessen\u201c, dann geht um das neue Konzept der zweiten \u201eRundreise\u201c und schlie\u00dflich h\u00e4lt Brigitte Harth, Gesch\u00e4ftsf\u00fchrerin des Demenzforums Darmstadt und Vorsitzende der Alzheimergesellschaft Hessen, ein Impuls-Referat zum Thema \u201eMut zur L\u00fccke und Mut zur Gemeinschaft \u2013 Auf dem Weg zu demenzfreundlichen Gemeinden\u201c.<\/p>\n","protected":false},"excerpt":{"rendered":"<div class=\"tmnf_excerpt\"><p>Es gibt eine Neuauflage der \u201eSamstage gegen das Vergessen\u201c: Diese Demenz-Aktionstage hatte das Handlungsfeld \u201eGesundheit und Pflege\u201c im Vogelsberger Familienb\u00fcndnis mit Partnern vor Ort in allen 19 St\u00e4dten und Gemeinden des Vogelsbergkreises angeboten. Die Resonanz war so positiv, dass nun eine Fortsetzung der Serie vorgesehen ist . Bevor aber eine weitere \u201eRundreise\u201c mit einem etwas &hellip;<\/p>\n<\/div>","protected":false},"author":1,"featured_media":0,"comment_status":"closed","ping_status":"closed","sticky":false,"template":"","format":"standard","meta":{"footnotes":""},"categories":[1],"tags":[],"class_list":["post-163000","post","type-post","status-publish","format-standard","hentry","category-startseite"],"_links":{"self":[{"href":"https:\/\/www.fuldaernachrichten.de\/index.php?rest_route=\/wp\/v2\/posts\/163000","targetHints":{"allow":["GET"]}}],"collection":[{"href":"https:\/\/www.fuldaernachrichten.de\/index.php?rest_route=\/wp\/v2\/posts"}],"about":[{"href":"https:\/\/www.fuldaernachrichten.de\/index.php?rest_route=\/wp\/v2\/types\/post"}],"author":[{"embeddable":true,"href":"https:\/\/www.fuldaernachrichten.de\/index.php?rest_route=\/wp\/v2\/users\/1"}],"replies":[{"embeddable":true,"href":"https:\/\/www.fuldaernachrichten.de\/index.php?rest_route=%2Fwp%2Fv2%2Fcomments&post=163000"}],"version-history":[{"count":1,"href":"https:\/\/www.fuldaernachrichten.de\/index.php?rest_route=\/wp\/v2\/posts\/163000\/revisions"}],"predecessor-version":[{"id":163011,"href":"https:\/\/www.fuldaernachrichten.de\/index.php?rest_route=\/wp\/v2\/posts\/163000\/revisions\/163011"}],"wp:attachment":[{"href":"https:\/\/www.fuldaernachrichten.de\/index.php?rest_route=%2Fwp%2Fv2%2Fmedia&parent=163000"}],"wp:term":[{"taxonomy":"category","embeddable":true,"href":"https:\/\/www.fuldaernachrichten.de\/index.php?rest_route=%2Fwp%2Fv2%2Fcategories&post=163000"},{"taxonomy":"post_tag","embeddable":true,"href":"https:\/\/www.fuldaernachrichten.de\/index.php?rest_route=%2Fwp%2Fv2%2Ftags&post=163000"}],"curies":[{"name":"wp","href":"https:\/\/api.w.org\/{rel}","templated":true}]}}