{"id":162991,"date":"2017-05-11T08:26:29","date_gmt":"2017-05-11T06:26:29","guid":{"rendered":"http:\/\/www.fuldaer-nachrichten.de\/?p=162991"},"modified":"2017-05-11T08:26:29","modified_gmt":"2017-05-11T06:26:29","slug":"wandern-von-der-steinwand-ueber-das-grabenhoefchen","status":"publish","type":"post","link":"https:\/\/www.fuldaernachrichten.de\/?p=162991","title":{"rendered":"Wandern Von der Steinwand \u00fcber das Grabenh\u00f6fchen"},"content":{"rendered":"<p>Spazierengehen oder wandern macht gemeinsam mit anderen mehr Spa\u00df. Auch in der n\u00e4heren Umgebung gibt es viele attraktive Touren. Die Volkshochschule und das Seniorenb\u00fcro der Stadt Fulda bietet in Zusammenarbeit mit dem Rh\u00f6nklub am Mittwoch, den 17. Mai, eine Wanderung \u201evon der Steinwand zum Grabenh\u00f6fchen nach Poppenhausen\u201c an. <\/p>\n<p>Wir treffen uns um 9:00 Uhr am ZOB an der Treppe oben. Der Bus bringt uns zum Fu\u00df der Steinwand. Wir laufen \u00fcber die Kunstmeile zum Grabenh\u00f6fchen, wo eine Einkehr geplant ist. Von dort geht es talw\u00e4rts durch Wiesen und Wald nach Poppenhausen. Von Poppenhausen fahren wir nach der ca. 10 km lange Wanderung mit dem Bus wieder zur\u00fcck nach Fulda. <\/p>\n<p>Zur Planung ist eine vorherige Anmeldung in der Gesch\u00e4ftsstelle der Volkshochschule im Kanzlerpalais Unterm Hl. Kreuz, Telefon 102-1477 erforderlich.<\/p>\n","protected":false},"excerpt":{"rendered":"<div class=\"tmnf_excerpt\"><p>Spazierengehen oder wandern macht gemeinsam mit anderen mehr Spa\u00df. Auch in der n\u00e4heren Umgebung gibt es viele attraktive Touren. Die Volkshochschule und das Seniorenb\u00fcro der Stadt Fulda bietet in Zusammenarbeit mit dem Rh\u00f6nklub am Mittwoch, den 17. Mai, eine Wanderung \u201evon der Steinwand zum Grabenh\u00f6fchen nach Poppenhausen\u201c an. Wir treffen uns um 9:00 Uhr am &hellip;<\/p>\n<\/div>","protected":false},"author":1,"featured_media":0,"comment_status":"closed","ping_status":"closed","sticky":false,"template":"","format":"standard","meta":{"footnotes":""},"categories":[1],"tags":[],"class_list":["post-162991","post","type-post","status-publish","format-standard","hentry","category-startseite"],"_links":{"self":[{"href":"https:\/\/www.fuldaernachrichten.de\/index.php?rest_route=\/wp\/v2\/posts\/162991","targetHints":{"allow":["GET"]}}],"collection":[{"href":"https:\/\/www.fuldaernachrichten.de\/index.php?rest_route=\/wp\/v2\/posts"}],"about":[{"href":"https:\/\/www.fuldaernachrichten.de\/index.php?rest_route=\/wp\/v2\/types\/post"}],"author":[{"embeddable":true,"href":"https:\/\/www.fuldaernachrichten.de\/index.php?rest_route=\/wp\/v2\/users\/1"}],"replies":[{"embeddable":true,"href":"https:\/\/www.fuldaernachrichten.de\/index.php?rest_route=%2Fwp%2Fv2%2Fcomments&post=162991"}],"version-history":[{"count":1,"href":"https:\/\/www.fuldaernachrichten.de\/index.php?rest_route=\/wp\/v2\/posts\/162991\/revisions"}],"predecessor-version":[{"id":162994,"href":"https:\/\/www.fuldaernachrichten.de\/index.php?rest_route=\/wp\/v2\/posts\/162991\/revisions\/162994"}],"wp:attachment":[{"href":"https:\/\/www.fuldaernachrichten.de\/index.php?rest_route=%2Fwp%2Fv2%2Fmedia&parent=162991"}],"wp:term":[{"taxonomy":"category","embeddable":true,"href":"https:\/\/www.fuldaernachrichten.de\/index.php?rest_route=%2Fwp%2Fv2%2Fcategories&post=162991"},{"taxonomy":"post_tag","embeddable":true,"href":"https:\/\/www.fuldaernachrichten.de\/index.php?rest_route=%2Fwp%2Fv2%2Ftags&post=162991"}],"curies":[{"name":"wp","href":"https:\/\/api.w.org\/{rel}","templated":true}]}}