{"id":162981,"date":"2017-05-11T08:27:52","date_gmt":"2017-05-11T06:27:52","guid":{"rendered":"http:\/\/www.fuldaer-nachrichten.de\/?p=162981"},"modified":"2017-05-11T08:27:52","modified_gmt":"2017-05-11T06:27:52","slug":"free-press-free-laugh-free-deniz","status":"publish","type":"post","link":"https:\/\/www.fuldaernachrichten.de\/?p=162981","title":{"rendered":"Free Press &#8211; Free Laugh \u2013 Free Deniz"},"content":{"rendered":"<p>Ein Statement f\u00fcr die Pressefreiheit und eine offene Lesung von Texten inhaftierter Journalisten und Schriftsteller!<\/p>\n<p>Jetzt muss gehandelt werden! Jetzt muss ein Aufschrei erfolgen! Jetzt muss die Freiheit von Mensch und Sprache verteidigt werden! Jetzt! <\/p>\n<p>Der Journalist Deniz Y\u00fccel ist seit dem 14. Februar 2017 in\u00c2\u00a0 t\u00fcrkischer Haft. Allein 2017 wurden bisher 8 Journalisten get\u00f6tet, 193 sitzen in Haft, davon 150 in der T\u00fcrkei! Die Freiheit des Wortes ist aber auch in demokratischen Staaten in Gefahr. In den USA werden Journalisten von Pr\u00e4sident Trump als Lieferanten von Fake News gebrandmarkt, in Deutschland von der PEGIDA als L\u00fcgenpresse diffamiert, in Polen hat die nationalkonservative Regierung das \u00f6ffentliche Fernsehen unter ihre Kontrolle gebracht und \u00fcber 220 Journalisten entlassen, in Spanien beschr\u00e4nkt ein neues Gesetz die Rechte von Journalisten Informationen zu enthalten, um nur einige Beispiele zu nennen. Entsprechend schlimmer sind die Verh\u00e4ltnisse in autokratischen Staaten und Diktaturen.<br \/>\nDie freie und unabh\u00e4ngige Berichterstattung ist von vielen Seiten bedroht, die ein Interesse daran haben, die Wahrheit unter einen Teppich aus Gef\u00e4ngnis, Folter und Tod zu kehren, einzig damit die Machenschaften von Despoten, Populisten und Faschisten keinen Weg in den kritischen \u00f6ffentlichen Fokus finden. <\/p>\n<p>MARIANNE BLUM und GUIDO ROHM rufen daher zu einem Sit-in und einer offenen Lesung im Museumscaf\u00e9 auf, um dort \u2013 gemeinsam mit Ihnen &#8211; ein Zeichen gegen Zensur und f\u00fcr die Pressefreiheit zu setzen. Moderiert von den K\u00fcnstlern werden von G\u00e4sten, Unterst\u00fctzern und vielleicht auch von Ihnen Texte inhaftierter Journalisten und Schriftsteller gelesen, umrahmt von kleinen musikalischen Beitr\u00e4gen.<\/p>\n<p>Kommen Sie zahlreich, bringen Sie sich ein, werden Sie selbst zu einer Flagge f\u00fcr die Freiheit!\u00c2\u00a0\u00c2\u00a0 <\/p>\n<p>Der Abend steht unter der Schirmherrschaft des Fuldaer Bundestagsabgeordneten Michael Brand (CDU), der auch selbst einen Text lesen und von der aktuellen Situation berichten wird. Er engagiert sich als Vorsitzender der Arbeitsgruppe Menschenrechte und Humanit\u00e4re Hilfe f\u00fcr die Freilassung von Deniz Y\u00fccel und vieler anderer inhaftierter Journalisten. Dazu hat er eine Parlamentspatenschaft f\u00fcr den inhaftierten Korrespondenten der Tageszeitung \u201eDie Welt\u201c \u00fcbernommen.<\/p>\n<p>Samstag, 20.05.2017, 19 Uhr<br \/>\nMUSEUMSCAF\u00c3\u2030<br \/>\nJesuitenplatz 2, 36037 Fulda<br \/>\nEintritt:\tfrei!<br \/>\nInfo: \t0661-240029 und frage@marianneblum.de  <\/p>\n","protected":false},"excerpt":{"rendered":"<div class=\"tmnf_excerpt\"><p>Ein Statement f\u00fcr die Pressefreiheit und eine offene Lesung von Texten inhaftierter Journalisten und Schriftsteller! Jetzt muss gehandelt werden! Jetzt muss ein Aufschrei erfolgen! Jetzt muss die Freiheit von Mensch und Sprache verteidigt werden! Jetzt! Der Journalist Deniz Y\u00fccel ist seit dem 14. Februar 2017 in\u00c2\u00a0 t\u00fcrkischer Haft. Allein 2017 wurden bisher 8 Journalisten get\u00f6tet, &hellip;<\/p>\n<\/div>","protected":false},"author":1,"featured_media":162996,"comment_status":"closed","ping_status":"closed","sticky":false,"template":"","format":"standard","meta":{"footnotes":""},"categories":[1],"tags":[],"class_list":["post-162981","post","type-post","status-publish","format-standard","has-post-thumbnail","hentry","category-startseite"],"_links":{"self":[{"href":"https:\/\/www.fuldaernachrichten.de\/index.php?rest_route=\/wp\/v2\/posts\/162981","targetHints":{"allow":["GET"]}}],"collection":[{"href":"https:\/\/www.fuldaernachrichten.de\/index.php?rest_route=\/wp\/v2\/posts"}],"about":[{"href":"https:\/\/www.fuldaernachrichten.de\/index.php?rest_route=\/wp\/v2\/types\/post"}],"author":[{"embeddable":true,"href":"https:\/\/www.fuldaernachrichten.de\/index.php?rest_route=\/wp\/v2\/users\/1"}],"replies":[{"embeddable":true,"href":"https:\/\/www.fuldaernachrichten.de\/index.php?rest_route=%2Fwp%2Fv2%2Fcomments&post=162981"}],"version-history":[{"count":1,"href":"https:\/\/www.fuldaernachrichten.de\/index.php?rest_route=\/wp\/v2\/posts\/162981\/revisions"}],"predecessor-version":[{"id":162997,"href":"https:\/\/www.fuldaernachrichten.de\/index.php?rest_route=\/wp\/v2\/posts\/162981\/revisions\/162997"}],"wp:featuredmedia":[{"embeddable":true,"href":"https:\/\/www.fuldaernachrichten.de\/index.php?rest_route=\/wp\/v2\/media\/162996"}],"wp:attachment":[{"href":"https:\/\/www.fuldaernachrichten.de\/index.php?rest_route=%2Fwp%2Fv2%2Fmedia&parent=162981"}],"wp:term":[{"taxonomy":"category","embeddable":true,"href":"https:\/\/www.fuldaernachrichten.de\/index.php?rest_route=%2Fwp%2Fv2%2Fcategories&post=162981"},{"taxonomy":"post_tag","embeddable":true,"href":"https:\/\/www.fuldaernachrichten.de\/index.php?rest_route=%2Fwp%2Fv2%2Ftags&post=162981"}],"curies":[{"name":"wp","href":"https:\/\/api.w.org\/{rel}","templated":true}]}}