{"id":162964,"date":"2017-05-11T08:22:21","date_gmt":"2017-05-11T06:22:21","guid":{"rendered":"http:\/\/www.fuldaer-nachrichten.de\/?p=162964"},"modified":"2017-05-11T08:22:21","modified_gmt":"2017-05-11T06:22:21","slug":"vhs-studienfahrt-zum-weltnaturerbe-grube-messel","status":"publish","type":"post","link":"https:\/\/www.fuldaernachrichten.de\/?p=162964","title":{"rendered":"Vhs- Studienfahrt zum Weltnaturerbe &#8220;Grube Messel&#8221;"},"content":{"rendered":"<p>Eine Exkursion zum &#8220;Pompeij der Pal\u00e4ontologie&#8221; nach Messel in der N\u00e4he von Darmstadt unternimmt die St\u00e4dtische Volkshochschule am Samstag, den 20.5.17. Nach einer zweist\u00fcndigen Grubenwanderung  zur Evolution der Wirbeltiere k\u00f6nnen die Teilnehmer das Informationszentrum besuchen. An- und Abfahrt nach Messel erfolgen mit der Bahn. N\u00e4here Ausk\u00fcnfte gibt es beim Vhs-B\u00fcro 0661 102 1477.<\/p>\n","protected":false},"excerpt":{"rendered":"<div class=\"tmnf_excerpt\"><p>Eine Exkursion zum &#8220;Pompeij der Pal\u00e4ontologie&#8221; nach Messel in der N\u00e4he von Darmstadt unternimmt die St\u00e4dtische Volkshochschule am Samstag, den 20.5.17. Nach einer zweist\u00fcndigen Grubenwanderung zur Evolution der Wirbeltiere k\u00f6nnen die Teilnehmer das Informationszentrum besuchen. An- und Abfahrt nach Messel erfolgen mit der Bahn. N\u00e4here Ausk\u00fcnfte gibt es beim Vhs-B\u00fcro 0661 102 1477.<\/p>\n<\/div>","protected":false},"author":1,"featured_media":0,"comment_status":"closed","ping_status":"closed","sticky":false,"template":"","format":"standard","meta":{"footnotes":""},"categories":[1],"tags":[],"class_list":["post-162964","post","type-post","status-publish","format-standard","hentry","category-startseite"],"_links":{"self":[{"href":"https:\/\/www.fuldaernachrichten.de\/index.php?rest_route=\/wp\/v2\/posts\/162964","targetHints":{"allow":["GET"]}}],"collection":[{"href":"https:\/\/www.fuldaernachrichten.de\/index.php?rest_route=\/wp\/v2\/posts"}],"about":[{"href":"https:\/\/www.fuldaernachrichten.de\/index.php?rest_route=\/wp\/v2\/types\/post"}],"author":[{"embeddable":true,"href":"https:\/\/www.fuldaernachrichten.de\/index.php?rest_route=\/wp\/v2\/users\/1"}],"replies":[{"embeddable":true,"href":"https:\/\/www.fuldaernachrichten.de\/index.php?rest_route=%2Fwp%2Fv2%2Fcomments&post=162964"}],"version-history":[{"count":1,"href":"https:\/\/www.fuldaernachrichten.de\/index.php?rest_route=\/wp\/v2\/posts\/162964\/revisions"}],"predecessor-version":[{"id":162971,"href":"https:\/\/www.fuldaernachrichten.de\/index.php?rest_route=\/wp\/v2\/posts\/162964\/revisions\/162971"}],"wp:attachment":[{"href":"https:\/\/www.fuldaernachrichten.de\/index.php?rest_route=%2Fwp%2Fv2%2Fmedia&parent=162964"}],"wp:term":[{"taxonomy":"category","embeddable":true,"href":"https:\/\/www.fuldaernachrichten.de\/index.php?rest_route=%2Fwp%2Fv2%2Fcategories&post=162964"},{"taxonomy":"post_tag","embeddable":true,"href":"https:\/\/www.fuldaernachrichten.de\/index.php?rest_route=%2Fwp%2Fv2%2Ftags&post=162964"}],"curies":[{"name":"wp","href":"https:\/\/api.w.org\/{rel}","templated":true}]}}