{"id":162953,"date":"2017-05-11T08:21:46","date_gmt":"2017-05-11T06:21:46","guid":{"rendered":"http:\/\/www.fuldaer-nachrichten.de\/?p=162953"},"modified":"2017-05-11T08:21:46","modified_gmt":"2017-05-11T06:21:46","slug":"klinikum-fulda-ehrung-fuer-verdiente-mitarbeiterinnen-und-mitarbeiter-2","status":"publish","type":"post","link":"https:\/\/www.fuldaernachrichten.de\/?p=162953","title":{"rendered":"Klinikum Fulda: Ehrung f\u00fcr verdiente  Mitarbeiterinnen und Mitarbeiter"},"content":{"rendered":"<p>Langj\u00e4hrige Mitarbeiterinnen und Mitarbeiter des Klinikums Fulda wurden im Rahmen der feierlichen Jubilar-Veranstaltung geehrt und ausgezeichnet. 6 Mitarbeiterinnen und Mitarbeiter feiern ihr 40-j\u00e4hriges und 14 ihr 25-j\u00e4hriges Jubil\u00e4um im \u00f6ffentlichen Dienst. 9 Mitarbeiterinnen und Mitarbeiter wurden in den Ruhestand verabschiedet. <\/p>\n<p>Priv.-Doz. Dr. Thomas Menzel, Vorstandssprecher des Klinikums Fulda, begr\u00fc\u00dfte die Jubilare und Ruhest\u00e4ndler, auch im Namen seines Vorstandskollegen Andr\u00e9 Eydt, und bedankte sich f\u00fcr die langj\u00e4hrige Treue und ihren engagierten Dienst.<br \/>\n\u201eWir sind Ihnen dankbar und auch stolz darauf, dass wir Sie heute f\u00fcr ihre langj\u00e4hrige  T\u00e4tigkeit auszeichnen und gleichzeitig einige von Ihnen in den wohlverdienten Ruhestand verabschieden d\u00fcrfen. Der Grundstein eines jeden Krankenhauses sind die Menschen, die dort ihren Dienst an den Patientinnen und Patienten verrichten\u201c, so Menzel weiter.<br \/>\n\u201eDaran hat sich seit der Gr\u00fcndung unseres Hauses im Jahr 1805 nichts ge\u00e4ndert: Ihr Engagement, Ihre Arbeitsleistung, Ihre Zuwendung in der Vergangenheit und auch heute machen aus unserem Krankenhaus erst das, was es ist \u2013 und daf\u00fcr geb\u00fchren Ihnen unsere Anerkennung und unser Dank\u201c, betonte Dr. Menzel. \u201eZu jeder Zeit haben die B\u00fcrgerinnen und B\u00fcrger der Region den Anspruch auf Kompetenz, Verantwortung und Geborgenheit an ihr Klinikum formuliert \u2013 und das ist stets die Richtschnur unseres Handelns\u201c, so der Vorstandssprecher weiter.<\/p>\n<p>F\u00fcr den Betriebsrat gratulierte dessen Vorsitzender Thomas Gerlach und betonte, wie wichtig die langj\u00e4hrige Erfahrung, das Wissen und die Kompetenz der Besch\u00e4ftigten insbesondere im Krankenhaus seien, um die t\u00e4glichen Herausforderungen zu bew\u00e4ltigen.<br \/>\nIm Anschluss an die Gru\u00dfworte stellte Dr. Menzel jeden der zu Ehrenden pers\u00f6nlich vor und berichtete \u00fcber den jeweiligen beruflichen Lebenslauf im Unternehmen. Gemeinsam mit dem Personalleiter Dr. Sebastian Schulten wurden allen Jubilaren sowie Ruhest\u00e4ndlern als Zeichen des Dankes und der Verbundenheit Urkunden und Pr\u00e4sente \u00fcberreicht. <\/p>\n<p>F\u00fcr ihr 40-J\u00e4hriges Dienstjubil\u00e4um wurden geehrt:<\/p>\n<p>Petra Breunig hatte bereits ein Praktikum im Klinikum absolviert, bevor sie von 1974 bis 1977 ihre Ausbildung zur Krankenschwester durchf\u00fchrte. Anschlie\u00dfend war sie Krankenschwester auf den Stationen 2B und K2B, wo sie im Jahr 1992 die Stationsleitung \u00fcbernahm. Mit der Inbetriebnahme des Mutter-Kind-Zentrums 2010 wechselte sie auf die Station H21, wo sie bis heute t\u00e4tig ist.<\/p>\n<p>Karl-Heinz Hopf absolvierte 1973 ein Pflegepraktikum im Krankenhaus in Schl\u00fcchtern, wo er auch seine Ausbildung zum Krankenpfleger abschloss. 1978 nahm er seine Funktion als Krankenpfleger auf der Station 3B im Klinikum Fulda auf. 1992 wurde er stellvertretender Stationsleiter der 2B, von 2004 bis 2011 hatte er die Stationsleitung inne. Seit 2011 ist er Krankenpfleger auf der 2B, der heutigen 6B. <\/p>\n<p>Karin Kretschmar begann 1973 ihre Ausbildung zur Krankenschwester im Klinikum Fulda und ist seit deren Abschluss im Jahr 1977 dem Klinikum Fulda bis heute als Krankenschwester auf der Intensivstation treu geblieben.<\/p>\n<p>Claudia K\u00fcmmel war von 1974 bis 1975 Praktikantin in der Pathologie des Klinikums Fulda, machte in Gie\u00dfen eine Ausbildung zur MTA und ist seit 1977 im Klinikum Fulda als MTA in der Pathologie sowie sp\u00e4ter als Lehrkraft der MTA-Schule besch\u00e4ftigt. Ab 2007 wurde ihr die stellvertretende Schulleitung der MTA-Schule \u00fcbertragen.<br \/>\nPetra Statt absolvierte im Klinikum Fulda ihre Ausbildung zur Kinderkrankenschwester und war von 1977 bis 1989 auf der Intensivstation t\u00e4tig. 1989 wechselte sie auf die Station 1B Wach Urologie.<\/p>\n<p>Petra Ulmer kam 1977 nach Stationen in Stuttgart und G\u00f6ppingen als ausgebildete MTA ins Labor des Klinikums Fulda. Seit 1989 ist sie eine der beiden leitenden MTA.<\/p>\n<p>F\u00fcr ihr 25-J\u00e4hriges Dienstjubil\u00e4um wurden geehrt:<\/p>\n<p>Carmen Alt-Heil wirkte als Krankenschwester zun\u00e4chst im Klinikum Bamberg, bevor sie 1997 auf die Station 6B des Klinikums Fulda kam. Seit 2007 arbeitet sie im Bereich der Endoskopie.<\/p>\n<p>Sandra-Maria B\u00e4r war ab 1992 Stationssekret\u00e4rin auf der Station 6B\/Med. I bzw. der 6A\/Med. II, bevor sie im Jahr 2014 zur Chefarztsekret\u00e4rin in der Med. V ernannt wurde.<br \/>\nClaudia Becker hat 1992 als MTRA in der R\u00f6ntgenabteilung der Urologie begonnen und ist bis heute Leiterin des urologischen R\u00f6ntgens.<\/p>\n<p>Katja-Martina B\u00f6hm wurde nach ihrer Ausbildung zur Krankenschwester am Klinikum Fulda \u00fcbernommen und wirkte auf den Stationen 1B und 3B, bevor sie 2004 im Patientenberatungszentrum in der Wund-Stoma-Inkontinenz-Versorgung begonnen hat.<br \/>\nMartin Caba machte seine Ausbildung zum Krankenpfleger und begann 1992 als Krankenpfleger in der Neurochirurgie. Seit 2015 ist er in der Endoskopie t\u00e4tig.<br \/>\nChristiane Eckhardt arbeitet seit 1992 als Krankenschwester auf der Station 3Ost Psychiatrie und seit 2009 in der psychiatrischen Tagesklinik. Im Juni 2016 hat sie die pflegerische Leitung der Psychiatrischen Tagesklinik \u00fcbernommen.<\/p>\n<p>Martina Fischbach kam im Jahr 1992 als Krankenschwester auf die Intensivstation des Klinikums Fulda, auf der sie bis heute t\u00e4tig ist.<\/p>\n<p>Gerhard Gl\u00f6ckner ist seit 1992 als MTRA in der Radiologie besch\u00e4ftigt. 2012 wechselte er als MTRA in die Medizinische Physik.<\/p>\n<p>Jutta Hohmann kam im Jahr 1992 als MTRA in die Radiologie des Klinikums Fulda, wo sie bis heute besch\u00e4ftigt ist.<\/p>\n<p>Heiko Massak hat seine Ausbildung als MTRA von 1999 bis 2002 am Klinikum Fulda absolviert und arbeitet seitdem als MTRA in der Strahlentherapie. Seit 2014 ist er ein zu 60% freigestelltes Mitglied des Betriebsrates.<\/p>\n<p>Annette Mohr war von 1992 bis 1999 Krankenschwester sowie stellvertretende Bereichsleitung in der Zentralsterilisation. Seit 1999 ist die Krankenschwester im OP Neurochirurgie.<\/p>\n<p>Sabine Mrosek war zun\u00e4chst als Bewegungsp\u00e4dagogin im Landeswohlfahrtsverband in Gie\u00dfen t\u00e4tig, bevor sie 1993 ans Klinikum Fulda kam. Hier ist sie als  Bewegungsp\u00e4dagogin in der Psychiatrie t\u00e4tig.<\/p>\n<p>Katrin Prien kam 1992 nach ihrer Ausbildung zur Krankenschwester auf die Station 5B des Klinikums Fulda. Seit 2010 arbeitet sie in der Endoskopie.<\/p>\n<p>Ina Strube war nach ihrer Ausbildung zur Krankenschwester von 1992 bis 2012 Krankenschwester auf der Intensivstation. Seit 2012 hat sie die Lehrt\u00e4tigkeit in der OTA-Schule \u00fcbernommen und arbeitet zus\u00e4tzlich im Bereich Qualit\u00e4tsmanagement.<br \/>\nIn den Ruhestand wurde verabschiedet:<\/p>\n<p>Reinhilde Goppel (K\u00fcchenhilfe und Patientenbegleitdienst), Helmut Hohmann (Bautechniker), Barbara H\u00fctsch (K\u00fcchenhilfe), Christa Kram (Lehrerin f\u00fcr Pflegeberufe in der Kinderkrankenpflegeschule, stellvertretende Schulleitung der Kinder- und Krankenpflegeschule), Corina Latzel-Fowler (Krankenschwester), Regina Puchalski (Krankenschwester An\u00e4sthesie), Gabriele R\u00f6ssler (Klinisches Hauspersonal im Zentral-OP), Annette Sturks (Krankenschwester, stellvertretende Qualit\u00e4tsmanagement-Beauftragte der An\u00e4sthesie), Monika Ziegler (Kinderkrankenschwester)<\/p>\n","protected":false},"excerpt":{"rendered":"<div class=\"tmnf_excerpt\"><p>Langj\u00e4hrige Mitarbeiterinnen und Mitarbeiter des Klinikums Fulda wurden im Rahmen der feierlichen Jubilar-Veranstaltung geehrt und ausgezeichnet. 6 Mitarbeiterinnen und Mitarbeiter feiern ihr 40-j\u00e4hriges und 14 ihr 25-j\u00e4hriges Jubil\u00e4um im \u00f6ffentlichen Dienst. 9 Mitarbeiterinnen und Mitarbeiter wurden in den Ruhestand verabschiedet. Priv.-Doz. Dr. Thomas Menzel, Vorstandssprecher des Klinikums Fulda, begr\u00fc\u00dfte die Jubilare und Ruhest\u00e4ndler, auch im &hellip;<\/p>\n<\/div>","protected":false},"author":1,"featured_media":162965,"comment_status":"closed","ping_status":"closed","sticky":false,"template":"","format":"standard","meta":{"footnotes":""},"categories":[1],"tags":[],"class_list":["post-162953","post","type-post","status-publish","format-standard","has-post-thumbnail","hentry","category-startseite"],"_links":{"self":[{"href":"https:\/\/www.fuldaernachrichten.de\/index.php?rest_route=\/wp\/v2\/posts\/162953","targetHints":{"allow":["GET"]}}],"collection":[{"href":"https:\/\/www.fuldaernachrichten.de\/index.php?rest_route=\/wp\/v2\/posts"}],"about":[{"href":"https:\/\/www.fuldaernachrichten.de\/index.php?rest_route=\/wp\/v2\/types\/post"}],"author":[{"embeddable":true,"href":"https:\/\/www.fuldaernachrichten.de\/index.php?rest_route=\/wp\/v2\/users\/1"}],"replies":[{"embeddable":true,"href":"https:\/\/www.fuldaernachrichten.de\/index.php?rest_route=%2Fwp%2Fv2%2Fcomments&post=162953"}],"version-history":[{"count":1,"href":"https:\/\/www.fuldaernachrichten.de\/index.php?rest_route=\/wp\/v2\/posts\/162953\/revisions"}],"predecessor-version":[{"id":162966,"href":"https:\/\/www.fuldaernachrichten.de\/index.php?rest_route=\/wp\/v2\/posts\/162953\/revisions\/162966"}],"wp:featuredmedia":[{"embeddable":true,"href":"https:\/\/www.fuldaernachrichten.de\/index.php?rest_route=\/wp\/v2\/media\/162965"}],"wp:attachment":[{"href":"https:\/\/www.fuldaernachrichten.de\/index.php?rest_route=%2Fwp%2Fv2%2Fmedia&parent=162953"}],"wp:term":[{"taxonomy":"category","embeddable":true,"href":"https:\/\/www.fuldaernachrichten.de\/index.php?rest_route=%2Fwp%2Fv2%2Fcategories&post=162953"},{"taxonomy":"post_tag","embeddable":true,"href":"https:\/\/www.fuldaernachrichten.de\/index.php?rest_route=%2Fwp%2Fv2%2Ftags&post=162953"}],"curies":[{"name":"wp","href":"https:\/\/api.w.org\/{rel}","templated":true}]}}