{"id":162946,"date":"2017-05-11T08:20:35","date_gmt":"2017-05-11T06:20:35","guid":{"rendered":"http:\/\/www.fuldaer-nachrichten.de\/?p=162946"},"modified":"2017-05-11T08:20:35","modified_gmt":"2017-05-11T06:20:35","slug":"zahl-der-bezieher-von-grundsicherung-fuer-arbeitssuchende-weiter-gesunken","status":"publish","type":"post","link":"https:\/\/www.fuldaernachrichten.de\/?p=162946","title":{"rendered":"Zahl der Bezieher von Grundsicherung f\u00fcr Arbeitssuchende weiter gesunken"},"content":{"rendered":"<p>Im Dezember 2016 gab es im Landkreis Fulda 13.791 hilfebed\u00fcrftige Personen, die soziale Transferleistungen erhielten. In der Sitzung des Kreistagsausschusses f\u00fcr Arbeit, Soziales und Gesundheit bezifferte der Leiter des Fachbereichs Arbeit und Soziales der Kreisverwaltung, J\u00fcrgen Stock, die Transferleistungsquote auf 6,3 Prozent.<\/p>\n<p>Damit verzeichnete der Landkreis Fulda eine deutlich niedrigere soziale Transferleistungsquote als Hessen mit 9,3 Prozent und der Bund mit 9,7 Prozent. Durch die verst\u00e4rkte Zuwanderung von Fl\u00fcchtlingen erh\u00f6hte sich aber auch im Landkreis die Zahl der Hilfebed\u00fcrftigen, die im Juni 2014 bei 12.397 Personen und einer Transferleistungsquote von 5,7 Prozent gelegen hatte. <\/p>\n<p>Die Quote der Bezieher von Grundsicherung f\u00fcr Arbeitssuchende ging von 6,5 Prozent in 2010 auf 5,1 Prozent in 2016 zur\u00fcck. Bei den Hilfebed\u00fcrftigen bis 15 Jahren verringerte sich der Anteil von 8,8 auf 7,5 Prozent, in Hessen von 14,4 auf 13,7 Prozent und im Bund von 15,1 auf 14,1 Prozent. Die Quote der Empf\u00e4nger von Grundsicherung im Alter lag bei 2,4 Prozent (Hessen: 3,8%, Bund: 3,1%).<\/p>\n<p>Die Zahl der erwerbsf\u00e4higen Leistungsbezieher verringerte sich in 2016 um 2,5 Prozent auf 6.130 Personen. 1.726 Leistungsbezieher wurden in eine Erwerbst\u00e4tigkeit vermittelt. Damit betrug die Integrationsquote 28,2 Prozent. Von den Arbeitsaufnahmen waren 71,3 Prozent nachhaltig, das hei\u00dft die Betreffenden befanden sich auch nach zw\u00f6lf Monate noch in Besch\u00e4ftigung.<\/p>\n","protected":false},"excerpt":{"rendered":"<div class=\"tmnf_excerpt\"><p>Im Dezember 2016 gab es im Landkreis Fulda 13.791 hilfebed\u00fcrftige Personen, die soziale Transferleistungen erhielten. In der Sitzung des Kreistagsausschusses f\u00fcr Arbeit, Soziales und Gesundheit bezifferte der Leiter des Fachbereichs Arbeit und Soziales der Kreisverwaltung, J\u00fcrgen Stock, die Transferleistungsquote auf 6,3 Prozent. Damit verzeichnete der Landkreis Fulda eine deutlich niedrigere soziale Transferleistungsquote als Hessen mit &hellip;<\/p>\n<\/div>","protected":false},"author":1,"featured_media":0,"comment_status":"closed","ping_status":"closed","sticky":false,"template":"","format":"standard","meta":{"footnotes":""},"categories":[1],"tags":[],"class_list":["post-162946","post","type-post","status-publish","format-standard","hentry","category-startseite"],"_links":{"self":[{"href":"https:\/\/www.fuldaernachrichten.de\/index.php?rest_route=\/wp\/v2\/posts\/162946","targetHints":{"allow":["GET"]}}],"collection":[{"href":"https:\/\/www.fuldaernachrichten.de\/index.php?rest_route=\/wp\/v2\/posts"}],"about":[{"href":"https:\/\/www.fuldaernachrichten.de\/index.php?rest_route=\/wp\/v2\/types\/post"}],"author":[{"embeddable":true,"href":"https:\/\/www.fuldaernachrichten.de\/index.php?rest_route=\/wp\/v2\/users\/1"}],"replies":[{"embeddable":true,"href":"https:\/\/www.fuldaernachrichten.de\/index.php?rest_route=%2Fwp%2Fv2%2Fcomments&post=162946"}],"version-history":[{"count":1,"href":"https:\/\/www.fuldaernachrichten.de\/index.php?rest_route=\/wp\/v2\/posts\/162946\/revisions"}],"predecessor-version":[{"id":162963,"href":"https:\/\/www.fuldaernachrichten.de\/index.php?rest_route=\/wp\/v2\/posts\/162946\/revisions\/162963"}],"wp:attachment":[{"href":"https:\/\/www.fuldaernachrichten.de\/index.php?rest_route=%2Fwp%2Fv2%2Fmedia&parent=162946"}],"wp:term":[{"taxonomy":"category","embeddable":true,"href":"https:\/\/www.fuldaernachrichten.de\/index.php?rest_route=%2Fwp%2Fv2%2Fcategories&post=162946"},{"taxonomy":"post_tag","embeddable":true,"href":"https:\/\/www.fuldaernachrichten.de\/index.php?rest_route=%2Fwp%2Fv2%2Ftags&post=162946"}],"curies":[{"name":"wp","href":"https:\/\/api.w.org\/{rel}","templated":true}]}}