{"id":162943,"date":"2017-05-11T08:19:20","date_gmt":"2017-05-11T06:19:20","guid":{"rendered":"http:\/\/www.fuldaer-nachrichten.de\/?p=162943"},"modified":"2017-05-11T08:23:32","modified_gmt":"2017-05-11T06:23:32","slug":"aerztliche-fortbildung-im-mvz-osthessen-klinikum-fulda-plastische-chirurgie-und-handchirurgie","status":"publish","type":"post","link":"https:\/\/www.fuldaernachrichten.de\/?p=162943","title":{"rendered":"\u00c4rztliche Fortbildung Im MVZ Osthessen \/ Klinikum Fulda &#8211; Plastische Chirurgie und Handchirurgie"},"content":{"rendered":"<p>Die Plastische Chirurgie und die Handchirurgie stehen im Mittelpunkt der Fortbildung am 17.05.2017, zu der das Medizinische Versorgungszentrum (MVZ) Osthessen einl\u00e4dt. Los geht\u00e2\u20ac\u2122s um 17.30 Uhr. In der gut zweist\u00fcndigen Veranstaltung wird unter Moderation von Dr. Ralf Schmidt, dem Leiter der Abteilung Hand-, Plastische und Rekonstruktive Chirurgie das neue &#8211; deutlich erweiterte &#8211; Leistungsangebot der Plastischen Chirurgie im ambulanten und im station\u00e4ren Bereich ebenso pr\u00e4sentiert wie das bew\u00e4hrte Angebot der Handchirurgie.  <\/p>\n<p>Das Leistungsspektrum des Medizinischen Versorgungszentrums (MVZ) Osthessen wurde im Jahr 2016 erheblich erweitert:  Unter Leitung von Dr. Ralf Schmidt werden nunmehr auch Operationen der Plastischen, \u00c4sthetischen und Rekonstruktiven Chirurgie erbracht. Damit wird die Behandlung von Druckgeschw\u00fcren, chronischen Wunden sowie Brand- und Unfallverletzungen auf h\u00f6chstem Niveau auch in Fulda angeboten. <\/p>\n<p>Die Plastische Rekonstruktion der Bauch- und Brustwand, Narbenkorrekturen und Straffungsoperationen geh\u00f6ren ebenfalls zum neuen Angebot. Zusammen mit dem langj\u00e4hrig gut etablierten Bereich der Handchirurgie (Leitung: Dr. Sandra Markert) wird eine umfassende Versorgung im ambulanten Sektor angeboten. Die l\u00fcckenlose Behandlung sowohl im ambulanten als auch im station\u00e4ren Sektor ist Voraussetzung f\u00fcr die gute Ergebnisqualit\u00e4t. Gemeinsam mit der Klinik f\u00fcr Orthop\u00e4die und Unfallchirurgie (Leitung: Prof. Dr. Martin Hessmann) ist eine ausgezeichnete interdisziplin\u00e4re Versorgung gew\u00e4hrleistet.<\/p>\n<p>Im Rahmen der Fortbildungsveranstaltung bieten die Referenten einen \u00dcberblick \u00fcber die Plastische Chirurgie und die Handchirurgie und informieren \u00fcber die M\u00f6glichkeiten der modernen Chirurgie im MVZ Osthessen und im Klinikum Fulda. Fortbildungspunkte sind bei der Landes\u00e4rztekammer Hessen beantragt.<\/p>\n","protected":false},"excerpt":{"rendered":"<div class=\"tmnf_excerpt\"><p>Die Plastische Chirurgie und die Handchirurgie stehen im Mittelpunkt der Fortbildung am 17.05.2017, zu der das Medizinische Versorgungszentrum (MVZ) Osthessen einl\u00e4dt. Los geht\u00e2\u20ac\u2122s um 17.30 Uhr. In der gut zweist\u00fcndigen Veranstaltung wird unter Moderation von Dr. Ralf Schmidt, dem Leiter der Abteilung Hand-, Plastische und Rekonstruktive Chirurgie das neue &#8211; deutlich erweiterte &#8211; Leistungsangebot der &hellip;<\/p>\n<\/div>","protected":false},"author":1,"featured_media":162958,"comment_status":"closed","ping_status":"closed","sticky":false,"template":"","format":"gallery","meta":{"footnotes":""},"categories":[1],"tags":[],"class_list":["post-162943","post","type-post","status-publish","format-gallery","has-post-thumbnail","hentry","category-startseite","post_format-post-format-gallery"],"_links":{"self":[{"href":"https:\/\/www.fuldaernachrichten.de\/index.php?rest_route=\/wp\/v2\/posts\/162943","targetHints":{"allow":["GET"]}}],"collection":[{"href":"https:\/\/www.fuldaernachrichten.de\/index.php?rest_route=\/wp\/v2\/posts"}],"about":[{"href":"https:\/\/www.fuldaernachrichten.de\/index.php?rest_route=\/wp\/v2\/types\/post"}],"author":[{"embeddable":true,"href":"https:\/\/www.fuldaernachrichten.de\/index.php?rest_route=\/wp\/v2\/users\/1"}],"replies":[{"embeddable":true,"href":"https:\/\/www.fuldaernachrichten.de\/index.php?rest_route=%2Fwp%2Fv2%2Fcomments&post=162943"}],"version-history":[{"count":1,"href":"https:\/\/www.fuldaernachrichten.de\/index.php?rest_route=\/wp\/v2\/posts\/162943\/revisions"}],"predecessor-version":[{"id":162957,"href":"https:\/\/www.fuldaernachrichten.de\/index.php?rest_route=\/wp\/v2\/posts\/162943\/revisions\/162957"}],"wp:featuredmedia":[{"embeddable":true,"href":"https:\/\/www.fuldaernachrichten.de\/index.php?rest_route=\/wp\/v2\/media\/162958"}],"wp:attachment":[{"href":"https:\/\/www.fuldaernachrichten.de\/index.php?rest_route=%2Fwp%2Fv2%2Fmedia&parent=162943"}],"wp:term":[{"taxonomy":"category","embeddable":true,"href":"https:\/\/www.fuldaernachrichten.de\/index.php?rest_route=%2Fwp%2Fv2%2Fcategories&post=162943"},{"taxonomy":"post_tag","embeddable":true,"href":"https:\/\/www.fuldaernachrichten.de\/index.php?rest_route=%2Fwp%2Fv2%2Ftags&post=162943"}],"curies":[{"name":"wp","href":"https:\/\/api.w.org\/{rel}","templated":true}]}}