{"id":162940,"date":"2017-05-11T08:18:19","date_gmt":"2017-05-11T06:18:19","guid":{"rendered":"http:\/\/www.fuldaer-nachrichten.de\/?p=162940"},"modified":"2017-05-11T08:18:19","modified_gmt":"2017-05-11T06:18:19","slug":"wallfahrtskirche-auf-dem-gehilfersberg-wurde-vor-20-jahren-wieder-eingeweiht","status":"publish","type":"post","link":"https:\/\/www.fuldaernachrichten.de\/?p=162940","title":{"rendered":"Wallfahrtskirche auf dem Gehilfersberg wurde vor 20 Jahren wieder eingeweiht."},"content":{"rendered":"<p>Am Freitag, 19. Mai um 19 Uhr wird mit Gottesdienst in der Wallfahrtskirche auf dem Gehilfersberg das Jubil\u00e4um 20 Jahre Wiedereinweihung der Kirche gefeiert. Weihbischof Professor Dr. Karlheinz Diez steht als Hauptzelebrant und Festprediger dem Gottesdienst vor.<\/p>\n<p>Die Bev\u00f6lkerung ist herzlich eingeladen.<br \/>\nEin Fahrdienst wird durch die Gremien der Pfarrei Rasdorf angeboten.<\/p>\n<p>Vor 21 Jahren war dieses M\u00f6glichkeit in Frage gestellt. In der Nacht vom 10. auf den 11. Mai 1996 gegen 1.15 Uhr brannte die Wallfahrtskirche durch Brandstiftung nieder. Die Bedeutung der Wallfahrtskirche und die Auswirkungen des Brandes zeigte sich in den folgenden Tagen an den vielen Besuchern, die die ausgebrannte Kirche besuchten. Der Verwaltungsrat mit Pfarrer Alois Nolte entschied die Kirche originalgetreu wiederaufzubauen. Die Spendenfreudigkeit war ein deutlicher Hinweis f\u00fcr die Verwurzelung dieses heiligen Ortes in den Herzen der Menschen. Unter der Leitung von Architekt Adolf Henkel, Marbach und der Di\u00f6zese Fulda wurde die Wallfahrtskirche innerhalb eines Jahres in ihrer barocken Ausstattung rekonstruiert.<\/p>\n<p>Nach der Glockenweihe in der Woche zuvor erfolgte in einem festlichen Gottesdienst mit dem verstorbenen Erzbischof Dr. Johannes Dyba am 19. Mai 1997 unter gro\u00dfer Beteiligung der Bev\u00f6lkerung die wieder Einweihung der Wallfahrtskirche. <\/p>\n<p>Seitdem wird jeden Samstagmorgen um 8 Uhr zwischen Ostermontag und dem Fest des Heiligen Wendelinus im Oktober ist in der Wallfahrtskirche zu den Heiligen 14 Nothelfern auf dem Gehilfersberg bei Rasdorf Wallfahrtsgottesdienst gefeiert. Au\u00dferdem finden noch Gottesdienste zu besondere Festtage, Hochzeiten oder Taufen statt.  Die Menschen, die nicht nur aus dem Hessischen Kegelspiel, dem H\u00fcnfelder und Fuldaer Land, sondern auch aus dem angrenzenden Geisaer Amt und der Rh\u00f6n kommen, sind dankbar, die Wallfahrtskirche auf dem Gehilfersberg aufsuchen zu k\u00f6nnen. <\/p>\n","protected":false},"excerpt":{"rendered":"<div class=\"tmnf_excerpt\"><p>Am Freitag, 19. Mai um 19 Uhr wird mit Gottesdienst in der Wallfahrtskirche auf dem Gehilfersberg das Jubil\u00e4um 20 Jahre Wiedereinweihung der Kirche gefeiert. Weihbischof Professor Dr. Karlheinz Diez steht als Hauptzelebrant und Festprediger dem Gottesdienst vor. Die Bev\u00f6lkerung ist herzlich eingeladen. Ein Fahrdienst wird durch die Gremien der Pfarrei Rasdorf angeboten. Vor 21 Jahren &hellip;<\/p>\n<\/div>","protected":false},"author":1,"featured_media":162954,"comment_status":"closed","ping_status":"closed","sticky":false,"template":"","format":"standard","meta":{"footnotes":""},"categories":[1],"tags":[],"class_list":["post-162940","post","type-post","status-publish","format-standard","has-post-thumbnail","hentry","category-startseite"],"_links":{"self":[{"href":"https:\/\/www.fuldaernachrichten.de\/index.php?rest_route=\/wp\/v2\/posts\/162940","targetHints":{"allow":["GET"]}}],"collection":[{"href":"https:\/\/www.fuldaernachrichten.de\/index.php?rest_route=\/wp\/v2\/posts"}],"about":[{"href":"https:\/\/www.fuldaernachrichten.de\/index.php?rest_route=\/wp\/v2\/types\/post"}],"author":[{"embeddable":true,"href":"https:\/\/www.fuldaernachrichten.de\/index.php?rest_route=\/wp\/v2\/users\/1"}],"replies":[{"embeddable":true,"href":"https:\/\/www.fuldaernachrichten.de\/index.php?rest_route=%2Fwp%2Fv2%2Fcomments&post=162940"}],"version-history":[{"count":1,"href":"https:\/\/www.fuldaernachrichten.de\/index.php?rest_route=\/wp\/v2\/posts\/162940\/revisions"}],"predecessor-version":[{"id":162955,"href":"https:\/\/www.fuldaernachrichten.de\/index.php?rest_route=\/wp\/v2\/posts\/162940\/revisions\/162955"}],"wp:featuredmedia":[{"embeddable":true,"href":"https:\/\/www.fuldaernachrichten.de\/index.php?rest_route=\/wp\/v2\/media\/162954"}],"wp:attachment":[{"href":"https:\/\/www.fuldaernachrichten.de\/index.php?rest_route=%2Fwp%2Fv2%2Fmedia&parent=162940"}],"wp:term":[{"taxonomy":"category","embeddable":true,"href":"https:\/\/www.fuldaernachrichten.de\/index.php?rest_route=%2Fwp%2Fv2%2Fcategories&post=162940"},{"taxonomy":"post_tag","embeddable":true,"href":"https:\/\/www.fuldaernachrichten.de\/index.php?rest_route=%2Fwp%2Fv2%2Ftags&post=162940"}],"curies":[{"name":"wp","href":"https:\/\/api.w.org\/{rel}","templated":true}]}}