{"id":162938,"date":"2017-05-11T08:15:22","date_gmt":"2017-05-11T06:15:22","guid":{"rendered":"http:\/\/www.fuldaer-nachrichten.de\/?p=162938"},"modified":"2017-05-11T08:15:22","modified_gmt":"2017-05-11T06:15:22","slug":"starke-maedchen-schafften-in-berlin-den-sprung-auf-das-siegertreppchen","status":"publish","type":"post","link":"https:\/\/www.fuldaernachrichten.de\/?p=162938","title":{"rendered":"Starke M\u00e4dchen schafften in Berlin den Sprung auf das Siegertreppchen"},"content":{"rendered":"<p>Jugend trainiert f\u00fcr Olympia ist der gr\u00f6\u00dfte Schulsport-Wettbewerb der Welt. Alle Schulen Deutschlands k\u00f6nnen sich in vier Altersklassen (elf bis 13 Jahre, zw\u00f6lf bis 15, 14 bis 17 und 16 bis 19 Jahre) in insgesamt 14 Sportarten messen. Regelm\u00e4\u00dfig nehmen Sportlerinnen und Sportler an den verschiedensten Disziplinen teil. Einen ganz besonderen Erfolg konnte die M\u00e4dchenmannschaft der WK III (der Altersklasse 14 bis 17) der Alexander-von-Humboldt-Schule in der vergangenen Woche feiern: Die sieben Tennisspielerinnen wurden in Berlin deutsche Vizemeisterinnen, und gemeinsam mit ihnen freuten sich ihr Verein, ihre Familien und nat\u00fcrlich die ganze Schulgemeinde \u00fcber diese gro\u00dfartige Leistung.<\/p>\n<p>Vicky J\u00f6ckel, Luisa Eckert, Leonie Kimpel, Vivien J\u00f6ckel, Laura Eckert, Luisa Heide und Lea Seidler waren mit gro\u00dfen Pl\u00e4nen in das Finale gestartet: Nach einem 4. Platz im vergangenen Jahr mit fast derselben Besetzung wollten sie nun einen Platz auf dem Treppchen. Ein ehrgeiziger Plan, traten sie doch gegen die jeweiligen Landessieger an. Die Schulmannschaft der AvH selbst war im M\u00e4rz Hessenmeister geworden und musste sich nun mit den Besten der Republik messen. Daf\u00fcr hatten die M\u00e4dchen ihn ihrem Tischtennisverein \u2013 allesamt spielen sie bei der TTG Vogelsberg \u2013 nicht nur noch ein wenig h\u00e4rter trainiert als zuvor, sie hatten auch Verst\u00e4rkung aus ihren eigenen Reihen mit nach Berlin genommen: Sarah Trojahn und Lena Eckert unterst\u00fctzten die sieben Tischtennisspielerinnen als Coaches, von der AvH war Gerhard Steinebach mitgereist. Er ist sportlicher Koordinator des Lauterbacher Gymnasiums und verantwortlich f\u00fcr die Wettkampfteilnahme von Sportlern und Mannschaften der Schule.<\/p>\n<p>\u201eSchulsport spielt bei uns eine sehr gro\u00dfe Rolle\u201c, erl\u00e4utert Steinebach, \u201edaher nehmen wir m\u00f6glichst oft an Wettk\u00e4mpfen auch au\u00dferhalb der Schule teil.\u201c Dahinter, so Steinebach, stehe ein p\u00e4dagogisches Konzept, das au\u00dferschulischen Lernorten eine gro\u00dfe Bedeutung beimisst, den Wettbewerbsgedanken auf sportlicher Ebene f\u00f6rdert sowie die Teambildung unterst\u00fctzt. \u201eWir freuen uns sehr, dass wir in diesem Bereich auch auf die hervorragende Arbeit der lokalen Vereine zur\u00fcckgreifen d\u00fcrfen. Schule und Vereine profitieren hier ganz au\u00dferordentlich voneinander\u201c, unterstreicht Steinebach.<br \/>\nEmpfangen wurde die hessische Tischtennismannschaft in der Hauptstadt bereits am Bahnhof, sp\u00e4ter folgte eine offizielle Begr\u00fc\u00dfung in der Hessischen Landesvertretung in den Ministerg\u00e4rten. Das Land Hessen war ganz offenbar stolz auf seine Siegerinnen, die sich in den folgenden Tagen anschickten, das Siegertreppchen zu bezwingen. In der Vorrunde besiegten sie in sechs Einzeln und drei Doppeln die Mannschaften aus dem Saarland, aus Bremen und Brandenburg. Das Viertelfinalspiel gewannen die hessischen M\u00e4dchen gegen Rheinland-Pfalz, das Halbfinale gegen Niedersachsen. \u201eAls uns nach dem Halbfinalsieg klar war, dass wir unser Ziel, das Siegerpodest zu erreichen, gewonnen hatten, war unser Ehrgeiz geweckt. Da w\u00e4ren wir nat\u00fcrlich schon gern Deutscher Meister geworden\u201c, gibt Vicky J\u00f6ckel zu. Von diesem Erfolg trennte sie das Finalspiel gegen die Mannschaft aus Bayern. Doch die M\u00e4dchen der M\u00e4dchenrealschule St. Joseph aus Schwandorf k\u00e4mpften im finalen KO-System genauso hart wie die Lauterbacherinnen und hatten am Ende das ber\u00fchmte Qu\u00e4ntchen Gl\u00fcck mehr auf ihrer Seite. Die Schulmannschaft der Alexander-von-Humboldt-Schule musste sich zwar im Finale geschlagen geben, freute sich aber dennoch sehr \u00fcber diesen fantastischen Erfolg, der am Freitagabend in einer gro\u00dfen Preisverleihung mit anschlie\u00dfender Party seinen H\u00f6hepunkt fand. \u201eDas war ein sehr beeindruckender Abend\u201c, befanden die Sch\u00fclerinnen unisono. Sie hatten Laura Eckert als ihre Vertreterin f\u00fcr die Entgegennahme des Pokals ausgew\u00e4hlt und feierten danach noch weiter in der Max-Schmeling-Halle \u2013 unter anderem zu Livemusik von Wincent Weiss.<br \/>\nEine rundum gelungene Reise in die Hauptstadt waren die Tage vom 2. bis 6. Mai f\u00fcr die jungen M\u00e4dchen der Tischtennismannschaft des AvH, dennoch darf man nicht vergessen, dass ein solcher Erfolg nicht angeflogen kommt:<\/p>\n<p>\u201eWir trainieren daf\u00fcr alle seit etwa zehn Jahren\u201c, res\u00fcmieren die Sportlerinnen, \u201eeinige von uns mehr als zehn Stunden die Woche.\u201c F\u00fcr sie ist Tischtennis der sch\u00f6nste Sport der Welt: Er ist schnell, man braucht Koordination, Konzentration, Ausdauer und Kraft. \u201eWer das hat und wer nicht, das macht schlie\u00dflich im Wettkampf den Unterschied\u201c, best\u00e4tigt Steinebach, der \u2013 wie die ganze Schule \u2013 m\u00e4chtig stolz auf das gute Abschneiden der Tischtennisfrauen ist. Auf den Punkt bringt es schlie\u00dflich Laura Eckert: Sie dankt ihren Trainerinnen und Trainern der TTG Vogelsberg f\u00fcr die langj\u00e4hrige Betreuung und gute Vorbereitung. Und nat\u00fcrlich war da noch etwas: \u201eWir haben als Mannschaft unheimlich von diesem Wettkampf profitiert. Haben uns gegenseitig motiviert und sind noch enger zusammengewachsen.\u201c K\u00f6nnte also sein, dass man diese Mannschaft im n\u00e4chsten Jahr bei Jugend trainiert f\u00fcr Olympia wiedersieht. <\/p>\n","protected":false},"excerpt":{"rendered":"<div class=\"tmnf_excerpt\"><p>Jugend trainiert f\u00fcr Olympia ist der gr\u00f6\u00dfte Schulsport-Wettbewerb der Welt. Alle Schulen Deutschlands k\u00f6nnen sich in vier Altersklassen (elf bis 13 Jahre, zw\u00f6lf bis 15, 14 bis 17 und 16 bis 19 Jahre) in insgesamt 14 Sportarten messen. Regelm\u00e4\u00dfig nehmen Sportlerinnen und Sportler an den verschiedensten Disziplinen teil. Einen ganz besonderen Erfolg konnte die M\u00e4dchenmannschaft &hellip;<\/p>\n<\/div>","protected":false},"author":1,"featured_media":162944,"comment_status":"closed","ping_status":"closed","sticky":false,"template":"","format":"standard","meta":{"footnotes":""},"categories":[1],"tags":[],"class_list":["post-162938","post","type-post","status-publish","format-standard","has-post-thumbnail","hentry","category-startseite"],"_links":{"self":[{"href":"https:\/\/www.fuldaernachrichten.de\/index.php?rest_route=\/wp\/v2\/posts\/162938","targetHints":{"allow":["GET"]}}],"collection":[{"href":"https:\/\/www.fuldaernachrichten.de\/index.php?rest_route=\/wp\/v2\/posts"}],"about":[{"href":"https:\/\/www.fuldaernachrichten.de\/index.php?rest_route=\/wp\/v2\/types\/post"}],"author":[{"embeddable":true,"href":"https:\/\/www.fuldaernachrichten.de\/index.php?rest_route=\/wp\/v2\/users\/1"}],"replies":[{"embeddable":true,"href":"https:\/\/www.fuldaernachrichten.de\/index.php?rest_route=%2Fwp%2Fv2%2Fcomments&post=162938"}],"version-history":[{"count":1,"href":"https:\/\/www.fuldaernachrichten.de\/index.php?rest_route=\/wp\/v2\/posts\/162938\/revisions"}],"predecessor-version":[{"id":162945,"href":"https:\/\/www.fuldaernachrichten.de\/index.php?rest_route=\/wp\/v2\/posts\/162938\/revisions\/162945"}],"wp:featuredmedia":[{"embeddable":true,"href":"https:\/\/www.fuldaernachrichten.de\/index.php?rest_route=\/wp\/v2\/media\/162944"}],"wp:attachment":[{"href":"https:\/\/www.fuldaernachrichten.de\/index.php?rest_route=%2Fwp%2Fv2%2Fmedia&parent=162938"}],"wp:term":[{"taxonomy":"category","embeddable":true,"href":"https:\/\/www.fuldaernachrichten.de\/index.php?rest_route=%2Fwp%2Fv2%2Fcategories&post=162938"},{"taxonomy":"post_tag","embeddable":true,"href":"https:\/\/www.fuldaernachrichten.de\/index.php?rest_route=%2Fwp%2Fv2%2Ftags&post=162938"}],"curies":[{"name":"wp","href":"https:\/\/api.w.org\/{rel}","templated":true}]}}