{"id":162924,"date":"2017-05-09T21:38:11","date_gmt":"2017-05-09T19:38:11","guid":{"rendered":"http:\/\/www.fuldaer-nachrichten.de\/?p=162924"},"modified":"2017-05-09T21:38:11","modified_gmt":"2017-05-09T19:38:11","slug":"bergmaehwiesen-fest-am-18-juni-in-grebenhain-herchenhain","status":"publish","type":"post","link":"https:\/\/www.fuldaernachrichten.de\/?p=162924","title":{"rendered":"Bergm\u00e4hwiesen-Fest am 18. Juni in Grebenhain-Herchenhain"},"content":{"rendered":"<p>Bereits zum vierten Mal werden die Besonderheiten des Lebensraums Bergm\u00e4hwiese im Vogelsberg auf dem diesj\u00e4hrigen Bergm\u00e4hwiesen-Fest am 18. Juni in Grebenhain-Herchenhain einem breiten Publikum vorgestellt.<\/p>\n<p>Gemeinsam organisieren das Amt f\u00fcr Wirtschaft und den l\u00e4ndlichen Raum des Vogelsbergkreises, die Gemeinde Grebenhain, das Naturschutz-Gro\u00dfprojekt Vogelsberg sowie die Nachhaltigkeitsinitiative \u201eN\u00e4he ist gut\u201c ein umfangreiches Programm: Die Vorstellung von Weidetieren, fachkundliche F\u00fchrungen zu Flora und Fauna und vieles mehr f\u00fcr interessierte Naturliebhaber. Eine H\u00fcpfburg aus Bergm\u00e4hwiesenheu und ein Markt mit typischen Vogelsberger Produkten zum puren Vergn\u00fcgen runden das Familienerlebnis in Herchenhain ab. Dies erl\u00e4utert Landwirtschaftsdezernent Dr. Jens Mischak (CDU) in einer Pressemitteilung. \u201eDer Vogelsberg ist unglaublich reich an Besonderheiten. Biodiversit\u00e4t ist ein Markenzeichen\u201c &#8211;  mit diesem Satz wirbt Dr. Mischak f\u00fcr die Neuauflage des Bergm\u00e4hwiesen-Fests.<\/p>\n<p>H\u00f6hepunkt des Festes wird die Er\u00f6ffnung des neuen Bergm\u00e4hwiesen-Pfades in den Gemarkungen Herchenhain und Hartmannshain sein. Ab Mitte Juni wird die neue rund neun Kilometer lange Wanderroute durch einen einzigartigen Naturraum in Hessen und Mitteleuropa f\u00fchren: die Bergm\u00e4hwiesen. Diese weisen seit Jahrhunderten eine au\u00dfergew\u00f6hnlich gro\u00dfe Vielfalt an Pflanzenarten auf. Heute ist die Artenvielfalt bedroht, weil es immer weniger Bewirtschafter gibt. So m\u00f6chte der Pfad auch f\u00fcr die gegenseitige Abh\u00e4ngigkeit von Natur und Mensch ein Verst\u00e4ndnis schaffen und die Bedeutung des Landwirts zur Erhaltung der Kulturlandschaft in den Vordergrund stellen.<\/p>\n<p>Der Vogelsbergkreis und die Gemeinde Grebenhain haben den Pfad gemeinsam mit der Nachhaltigkeits-Initiative \u201eN\u00e4he ist gut\u201c von REWE, Hassia, Schw\u00e4lbchen und der Privatbrauerei Licher sowie dem Naturschutzgro\u00dfprojekt Vogelsberg entwickelt und m\u00f6chten damit zum Erhalt der Bergm\u00e4hwiesen beitragen.<\/p>\n","protected":false},"excerpt":{"rendered":"<div class=\"tmnf_excerpt\"><p>Bereits zum vierten Mal werden die Besonderheiten des Lebensraums Bergm\u00e4hwiese im Vogelsberg auf dem diesj\u00e4hrigen Bergm\u00e4hwiesen-Fest am 18. Juni in Grebenhain-Herchenhain einem breiten Publikum vorgestellt. Gemeinsam organisieren das Amt f\u00fcr Wirtschaft und den l\u00e4ndlichen Raum des Vogelsbergkreises, die Gemeinde Grebenhain, das Naturschutz-Gro\u00dfprojekt Vogelsberg sowie die Nachhaltigkeitsinitiative \u201eN\u00e4he ist gut\u201c ein umfangreiches Programm: Die Vorstellung von &hellip;<\/p>\n<\/div>","protected":false},"author":1,"featured_media":162932,"comment_status":"closed","ping_status":"closed","sticky":false,"template":"","format":"standard","meta":{"footnotes":""},"categories":[1],"tags":[],"class_list":["post-162924","post","type-post","status-publish","format-standard","has-post-thumbnail","hentry","category-startseite"],"_links":{"self":[{"href":"https:\/\/www.fuldaernachrichten.de\/index.php?rest_route=\/wp\/v2\/posts\/162924","targetHints":{"allow":["GET"]}}],"collection":[{"href":"https:\/\/www.fuldaernachrichten.de\/index.php?rest_route=\/wp\/v2\/posts"}],"about":[{"href":"https:\/\/www.fuldaernachrichten.de\/index.php?rest_route=\/wp\/v2\/types\/post"}],"author":[{"embeddable":true,"href":"https:\/\/www.fuldaernachrichten.de\/index.php?rest_route=\/wp\/v2\/users\/1"}],"replies":[{"embeddable":true,"href":"https:\/\/www.fuldaernachrichten.de\/index.php?rest_route=%2Fwp%2Fv2%2Fcomments&post=162924"}],"version-history":[{"count":1,"href":"https:\/\/www.fuldaernachrichten.de\/index.php?rest_route=\/wp\/v2\/posts\/162924\/revisions"}],"predecessor-version":[{"id":162933,"href":"https:\/\/www.fuldaernachrichten.de\/index.php?rest_route=\/wp\/v2\/posts\/162924\/revisions\/162933"}],"wp:featuredmedia":[{"embeddable":true,"href":"https:\/\/www.fuldaernachrichten.de\/index.php?rest_route=\/wp\/v2\/media\/162932"}],"wp:attachment":[{"href":"https:\/\/www.fuldaernachrichten.de\/index.php?rest_route=%2Fwp%2Fv2%2Fmedia&parent=162924"}],"wp:term":[{"taxonomy":"category","embeddable":true,"href":"https:\/\/www.fuldaernachrichten.de\/index.php?rest_route=%2Fwp%2Fv2%2Fcategories&post=162924"},{"taxonomy":"post_tag","embeddable":true,"href":"https:\/\/www.fuldaernachrichten.de\/index.php?rest_route=%2Fwp%2Fv2%2Ftags&post=162924"}],"curies":[{"name":"wp","href":"https:\/\/api.w.org\/{rel}","templated":true}]}}