{"id":162914,"date":"2017-05-09T21:36:02","date_gmt":"2017-05-09T19:36:02","guid":{"rendered":"http:\/\/www.fuldaer-nachrichten.de\/?p=162914"},"modified":"2017-05-09T21:36:02","modified_gmt":"2017-05-09T19:36:02","slug":"personeller-wachwechsel-bei-der-betreuung-der-caritas-seniorenreisen-beliebtes-angebot-fuer-aeltere-menschen-wird-nahtlos-weiter-gefuehrt","status":"publish","type":"post","link":"https:\/\/www.fuldaernachrichten.de\/?p=162914","title":{"rendered":"Personeller \u201eWachwechsel\u201c bei der Betreuung der Caritas-Seniorenreisen: Beliebtes Angebot f\u00fcr \u00e4ltere Menschen wird nahtlos weiter gef\u00fchrt"},"content":{"rendered":"<p>Die \u00dcbergabe-Phase l\u00e4uft: Seit 1. Mai ist Simone M\u00f6ller beim Caritasverband f\u00fcr die Di\u00f6zese Fulda zust\u00e4ndig f\u00fcr die Seniorenreisen. Simone M\u00f6ller stammt aus der Region Fulda, ist verheiratet und hat zwei Kinder im Teenager-Alter. Ihre Vorg\u00e4ngerin Monika Kuhnke, die im Sommer in den Ruhestand geht, wird sie in die neue Aufgabe noch in Ruhe einarbeiten. <\/p>\n<p>\u201eDie Seniorenreisen sind ein wichtiges Angebot unserer Sozialen Dienste f\u00fcr \u00e4ltere Menschen\u201c, betonte bei der Begr\u00fc\u00dfung der neuen Kollegin Di\u00f6zesan-Caritasdirektor Dr. Markus Juch. \u201eWir wollen dieses Angebot kontinuierlich allen Personen offerieren, die gerne reisen, sich aber wom\u00f6glich alleine nicht mehr auf den Weg trauen und daher gerne solche gemeinsamen Fahrten mitmachen. F\u00fcr die \u00dcbergabe dieser verantwortungsvollen Aufgabe  nehmen wir uns daher zwei Monate Zeit. In dieser Phase arbeiten die beiden Kolleginnen Kuhnke und M\u00f6ller zusammen. Damit ist auch sichergestellt, dass die Seniorinnen und Senioren bei Reisebuchungen nicht dadurch verunsichert sind, wenn ihre Ansprechpartnerin wechselt!\u201c <\/p>\n<p>Die Seniorenreisen bieten ausgesuchte Reiseziele in Nah und Fern sowie Unterk\u00fcnfte, die den W\u00fcnschen und Bedarfen \u00e4lterer Menschen entsprechen. N\u00e4chstes Ziel einer Seniorenfreizeit ist das Kurheim St. Bonifatius in Bad Salzschlirf, das vom 19. bis 29. Mai angesteuert wird. Daf\u00fcr sind noch Restpl\u00e4tze frei. Informationen zu den Seniorenreisen erhalten interessierte unter tel. 0661 \/ 2428-130 oder per Mail unter simone.moeller@caritas-fulda.de.    <\/p>\n<p>Unser Foto entstand bei der offiziellen Begr\u00fc\u00dfung von Simone M\u00f6ller (3. V. li.) und zeigt desweiteren (v. li.) den Caritas-Aufsichtsratsvorsitzenden Msgr. Elmar Gurk, Monika Kuhnke, Caritasdirektor Juch und \u2013 als zust\u00e4ndigen Vorgesetzten \u2013 Ressortleiter Soziale Dienste Franz Meyer.<\/p>\n","protected":false},"excerpt":{"rendered":"<div class=\"tmnf_excerpt\"><p>Die \u00dcbergabe-Phase l\u00e4uft: Seit 1. Mai ist Simone M\u00f6ller beim Caritasverband f\u00fcr die Di\u00f6zese Fulda zust\u00e4ndig f\u00fcr die Seniorenreisen. Simone M\u00f6ller stammt aus der Region Fulda, ist verheiratet und hat zwei Kinder im Teenager-Alter. Ihre Vorg\u00e4ngerin Monika Kuhnke, die im Sommer in den Ruhestand geht, wird sie in die neue Aufgabe noch in Ruhe einarbeiten. &hellip;<\/p>\n<\/div>","protected":false},"author":1,"featured_media":162918,"comment_status":"closed","ping_status":"closed","sticky":false,"template":"","format":"standard","meta":{"footnotes":""},"categories":[1],"tags":[],"class_list":["post-162914","post","type-post","status-publish","format-standard","has-post-thumbnail","hentry","category-startseite"],"_links":{"self":[{"href":"https:\/\/www.fuldaernachrichten.de\/index.php?rest_route=\/wp\/v2\/posts\/162914","targetHints":{"allow":["GET"]}}],"collection":[{"href":"https:\/\/www.fuldaernachrichten.de\/index.php?rest_route=\/wp\/v2\/posts"}],"about":[{"href":"https:\/\/www.fuldaernachrichten.de\/index.php?rest_route=\/wp\/v2\/types\/post"}],"author":[{"embeddable":true,"href":"https:\/\/www.fuldaernachrichten.de\/index.php?rest_route=\/wp\/v2\/users\/1"}],"replies":[{"embeddable":true,"href":"https:\/\/www.fuldaernachrichten.de\/index.php?rest_route=%2Fwp%2Fv2%2Fcomments&post=162914"}],"version-history":[{"count":1,"href":"https:\/\/www.fuldaernachrichten.de\/index.php?rest_route=\/wp\/v2\/posts\/162914\/revisions"}],"predecessor-version":[{"id":162919,"href":"https:\/\/www.fuldaernachrichten.de\/index.php?rest_route=\/wp\/v2\/posts\/162914\/revisions\/162919"}],"wp:featuredmedia":[{"embeddable":true,"href":"https:\/\/www.fuldaernachrichten.de\/index.php?rest_route=\/wp\/v2\/media\/162918"}],"wp:attachment":[{"href":"https:\/\/www.fuldaernachrichten.de\/index.php?rest_route=%2Fwp%2Fv2%2Fmedia&parent=162914"}],"wp:term":[{"taxonomy":"category","embeddable":true,"href":"https:\/\/www.fuldaernachrichten.de\/index.php?rest_route=%2Fwp%2Fv2%2Fcategories&post=162914"},{"taxonomy":"post_tag","embeddable":true,"href":"https:\/\/www.fuldaernachrichten.de\/index.php?rest_route=%2Fwp%2Fv2%2Ftags&post=162914"}],"curies":[{"name":"wp","href":"https:\/\/api.w.org\/{rel}","templated":true}]}}