{"id":162913,"date":"2017-05-09T21:35:42","date_gmt":"2017-05-09T19:35:42","guid":{"rendered":"http:\/\/www.fuldaer-nachrichten.de\/?p=162913"},"modified":"2017-05-09T21:35:42","modified_gmt":"2017-05-09T19:35:42","slug":"bid-initiative-gruendet-neuen-fulda-central-bid-e-v","status":"publish","type":"post","link":"https:\/\/www.fuldaernachrichten.de\/?p=162913","title":{"rendered":"BID Initiative gr\u00fcndet neuen \u201cFulda Central BID e.V.\u00e2\u20ac\u009d"},"content":{"rendered":"<p>In der Fuldaer Bahnhofstra\u00dfe soll sich zuk\u00fcnftig die Zusammenarbeit von Hauseigent\u00fcmern, Einzelh\u00e4ndlern, Gastronomen und Dienstleistern verbessern. Dazu wurde jetzt der neue \u201eFulda Central BID e.V.\u201c gegr\u00fcndet. \u00dcber den BID (Business Improvement District) sollen gemeinsame Ma\u00dfnahmen und Aktivit\u00e4ten zur Steigerung der Attraktivit\u00e4t des gesch\u00e4ftlichen Umfelds entwickelt, finanziert und umgesetzt werden. <\/p>\n<p>In der Gr\u00fcndungsversammlung wurde die Satzung erstellt und verabschiedet sowie der Vorstand gew\u00e4hlt: Reginald Bukel (Vorsitzender), Maximilian Traut (Kassenf\u00fchrer) und Antje Ferrara (Schriftf\u00fchrerin).  \u201eMit der Vereinsgr\u00fcndung haben wir einen Grundstein f\u00fcr die k\u00fcnftige Entwicklung in der Bahnhofstra\u00dfe und die ankn\u00fcpfenden Gebiete gelegt\u201c, berichtet Reginald Bukel. \u201eDie Idee und das Konzept sto\u00dfen auf gro\u00dfes Interesse, viele Eigent\u00fcmer wollen mit uns gemeinsam die Bahnhofstra\u00dfe weiter nach vorne bringen. \u00dcber weitere Unterst\u00fctzung und Vereinsmitglieder freuen wir uns sehr. Wir sind f\u00fcr alles offen\u201c, so Bukel. Die geplanten Ma\u00dfnahmen sind in f\u00fcnf Punkte gegliedert: Sauberkeit, Ordnung und Sicherheit, Gestaltung des \u00f6ffentlichen Raums, Veranstaltungen, Standortwerbung sowie Management. <\/p>\n<p>Kontakt &#038; Ansprechpartner<br \/>\nFulda Central BID e.V.<br \/>\nHerr Reginald Bukel<br \/>\n06 61 \u2013 96 32 30<br \/>\nr-bukel@centhof.de<\/p>\n<p>Business Improvement District (BID)<br \/>\nEin BID ist ein r\u00e4umlich klar definierter und umrissener Bereich, in dem die Grundeigent\u00fcmer in Abstimmung mit der Stadt und mit den Gewerbetreibenden versuchen, die Standortqualit\u00e4t durch Ma\u00dfnahmen zu verbessern, die aus dem Aufkommen einer selbst auferlegten und zeitlich befristet erhobenen Abgabe (5 Jahre) finanziert werden. Grundlage dieses Instruments f\u00fcr die Innenstadtentwicklung ist das Hessische Gesetz zur St\u00e4rkung innerst\u00e4dtischer Gesch\u00e4ftsquartiere (INGE). <\/p>\n","protected":false},"excerpt":{"rendered":"<div class=\"tmnf_excerpt\"><p>In der Fuldaer Bahnhofstra\u00dfe soll sich zuk\u00fcnftig die Zusammenarbeit von Hauseigent\u00fcmern, Einzelh\u00e4ndlern, Gastronomen und Dienstleistern verbessern. Dazu wurde jetzt der neue \u201eFulda Central BID e.V.\u201c gegr\u00fcndet. \u00dcber den BID (Business Improvement District) sollen gemeinsame Ma\u00dfnahmen und Aktivit\u00e4ten zur Steigerung der Attraktivit\u00e4t des gesch\u00e4ftlichen Umfelds entwickelt, finanziert und umgesetzt werden. In der Gr\u00fcndungsversammlung wurde die Satzung &hellip;<\/p>\n<\/div>","protected":false},"author":1,"featured_media":162916,"comment_status":"closed","ping_status":"closed","sticky":false,"template":"","format":"standard","meta":{"footnotes":""},"categories":[1],"tags":[],"class_list":["post-162913","post","type-post","status-publish","format-standard","has-post-thumbnail","hentry","category-startseite"],"_links":{"self":[{"href":"https:\/\/www.fuldaernachrichten.de\/index.php?rest_route=\/wp\/v2\/posts\/162913","targetHints":{"allow":["GET"]}}],"collection":[{"href":"https:\/\/www.fuldaernachrichten.de\/index.php?rest_route=\/wp\/v2\/posts"}],"about":[{"href":"https:\/\/www.fuldaernachrichten.de\/index.php?rest_route=\/wp\/v2\/types\/post"}],"author":[{"embeddable":true,"href":"https:\/\/www.fuldaernachrichten.de\/index.php?rest_route=\/wp\/v2\/users\/1"}],"replies":[{"embeddable":true,"href":"https:\/\/www.fuldaernachrichten.de\/index.php?rest_route=%2Fwp%2Fv2%2Fcomments&post=162913"}],"version-history":[{"count":1,"href":"https:\/\/www.fuldaernachrichten.de\/index.php?rest_route=\/wp\/v2\/posts\/162913\/revisions"}],"predecessor-version":[{"id":162917,"href":"https:\/\/www.fuldaernachrichten.de\/index.php?rest_route=\/wp\/v2\/posts\/162913\/revisions\/162917"}],"wp:featuredmedia":[{"embeddable":true,"href":"https:\/\/www.fuldaernachrichten.de\/index.php?rest_route=\/wp\/v2\/media\/162916"}],"wp:attachment":[{"href":"https:\/\/www.fuldaernachrichten.de\/index.php?rest_route=%2Fwp%2Fv2%2Fmedia&parent=162913"}],"wp:term":[{"taxonomy":"category","embeddable":true,"href":"https:\/\/www.fuldaernachrichten.de\/index.php?rest_route=%2Fwp%2Fv2%2Fcategories&post=162913"},{"taxonomy":"post_tag","embeddable":true,"href":"https:\/\/www.fuldaernachrichten.de\/index.php?rest_route=%2Fwp%2Fv2%2Ftags&post=162913"}],"curies":[{"name":"wp","href":"https:\/\/api.w.org\/{rel}","templated":true}]}}