{"id":162895,"date":"2017-05-09T21:33:09","date_gmt":"2017-05-09T19:33:09","guid":{"rendered":"http:\/\/www.fuldaer-nachrichten.de\/?p=162895"},"modified":"2017-05-09T21:33:09","modified_gmt":"2017-05-09T19:33:09","slug":"delegation-aus-dem-bayerischen-alzenau-zu-gast-im-stadtschloss","status":"publish","type":"post","link":"https:\/\/www.fuldaernachrichten.de\/?p=162895","title":{"rendered":"Delegation aus dem bayerischen Alzenau zu Gast im Stadtschloss"},"content":{"rendered":"<p>Ungew\u00f6hnliche Flaggenparade vor dem Fuldaer Stadtschloss: Das wei\u00df-blaue Rautenbanner Bayerns und das gelb-rote Stadtwappen Alzenaus mit dem markanten Mainzer Rad wurden dort vor kurzem entrollt und gaben sich ein Stelldichein mit der gr\u00fcn-wei\u00dfen Fuldaer Stadtfahne. Der Hintergrund: Eine 17-k\u00f6pfige Delegation aus dem bayerischen Alzenau (Kreis Aschaffenburg) mit B\u00fcrgermeister Dr. Alexander Legler an er Spitze machte im Rahmen einer Benefizrallye Station in Fulda.   <\/p>\n<p>Bereits zum dritten Mal waren die Alzenauer unterwegs, um Geld f\u00fcr die gute Sache zu sammeln. 2015 \u2013 im Jahr der bayerischen Landesgartenschau in Alzenau &#8211; waren 15.000 Euro f\u00fcr soziale Projekte in Alzenau gesammelt worden, im vergangenen Jahr kam noch mehr Geld zusammen f\u00fcr Anschaffung von Spiel- und Bewegungsger\u00e4ten in den Gartenschauparks. Diesem Zweck soll auch in diesem Jahr der Erl\u00f6s der Benefizrallye zugutekommen. Die \u201eRallye\u201c f\u00fchrte von Alzenau \u00fcber die A66 nach Fulda und von dort weiter nach Eisenach, Erfurt und Apolda.<\/p>\n<p>Fuldas Oberb\u00fcrgermeister Dr. Heiko Wingenfeld begr\u00fc\u00dfte seinen B\u00fcrgermeister-Kollegen Dr. Legler und verwies auf historische Parallelen der beiden St\u00e4dte \u2013 obwohl Alzenau erst seit 66 Jahren Stadtrechte besitzt. Bei einem kleinen Empfang im Gr\u00fcne Zimmer des Stadtschlosses betonte Legler betonte seine pers\u00f6nliche Beziehungen nach Osthessen und dankte f\u00fcr die kurzfristig geschaffene M\u00f6glichkeit, in Fulda die erste Station einlegen zu k\u00f6nnen. <\/p>\n","protected":false},"excerpt":{"rendered":"<div class=\"tmnf_excerpt\"><p>Ungew\u00f6hnliche Flaggenparade vor dem Fuldaer Stadtschloss: Das wei\u00df-blaue Rautenbanner Bayerns und das gelb-rote Stadtwappen Alzenaus mit dem markanten Mainzer Rad wurden dort vor kurzem entrollt und gaben sich ein Stelldichein mit der gr\u00fcn-wei\u00dfen Fuldaer Stadtfahne. Der Hintergrund: Eine 17-k\u00f6pfige Delegation aus dem bayerischen Alzenau (Kreis Aschaffenburg) mit B\u00fcrgermeister Dr. Alexander Legler an er Spitze machte &hellip;<\/p>\n<\/div>","protected":false},"author":1,"featured_media":162898,"comment_status":"closed","ping_status":"closed","sticky":false,"template":"","format":"standard","meta":{"footnotes":""},"categories":[1],"tags":[],"class_list":["post-162895","post","type-post","status-publish","format-standard","has-post-thumbnail","hentry","category-startseite"],"_links":{"self":[{"href":"https:\/\/www.fuldaernachrichten.de\/index.php?rest_route=\/wp\/v2\/posts\/162895","targetHints":{"allow":["GET"]}}],"collection":[{"href":"https:\/\/www.fuldaernachrichten.de\/index.php?rest_route=\/wp\/v2\/posts"}],"about":[{"href":"https:\/\/www.fuldaernachrichten.de\/index.php?rest_route=\/wp\/v2\/types\/post"}],"author":[{"embeddable":true,"href":"https:\/\/www.fuldaernachrichten.de\/index.php?rest_route=\/wp\/v2\/users\/1"}],"replies":[{"embeddable":true,"href":"https:\/\/www.fuldaernachrichten.de\/index.php?rest_route=%2Fwp%2Fv2%2Fcomments&post=162895"}],"version-history":[{"count":1,"href":"https:\/\/www.fuldaernachrichten.de\/index.php?rest_route=\/wp\/v2\/posts\/162895\/revisions"}],"predecessor-version":[{"id":162901,"href":"https:\/\/www.fuldaernachrichten.de\/index.php?rest_route=\/wp\/v2\/posts\/162895\/revisions\/162901"}],"wp:featuredmedia":[{"embeddable":true,"href":"https:\/\/www.fuldaernachrichten.de\/index.php?rest_route=\/wp\/v2\/media\/162898"}],"wp:attachment":[{"href":"https:\/\/www.fuldaernachrichten.de\/index.php?rest_route=%2Fwp%2Fv2%2Fmedia&parent=162895"}],"wp:term":[{"taxonomy":"category","embeddable":true,"href":"https:\/\/www.fuldaernachrichten.de\/index.php?rest_route=%2Fwp%2Fv2%2Fcategories&post=162895"},{"taxonomy":"post_tag","embeddable":true,"href":"https:\/\/www.fuldaernachrichten.de\/index.php?rest_route=%2Fwp%2Fv2%2Ftags&post=162895"}],"curies":[{"name":"wp","href":"https:\/\/api.w.org\/{rel}","templated":true}]}}