{"id":162890,"date":"2017-05-09T21:31:42","date_gmt":"2017-05-09T19:31:42","guid":{"rendered":"http:\/\/www.fuldaer-nachrichten.de\/?p=162890"},"modified":"2017-05-09T21:31:42","modified_gmt":"2017-05-09T19:31:42","slug":"7-fuldaer-herztag-am-13-mai-2017-im-hotel-maritim","status":"publish","type":"post","link":"https:\/\/www.fuldaernachrichten.de\/?p=162890","title":{"rendered":"7. Fuldaer Herztag am 13. Mai 2017 im Hotel Maritim"},"content":{"rendered":"<p>Am 13. Mai ist es wieder soweit: das Herz-Thorax-Zentrum des Klinikums Fulda veranstaaltet den siebten Fuldaer Herztag! Ein \u00fcberzeugendes Programm und die Pr\u00e4sentation des neuen Direktors der Klinik f\u00fcr Gef\u00e4\u00dfchirurgie und endovaskul\u00e4re Chirurgie  &#8211; Privatdozent Dr. Richard Kellersmann versprechen einen interessanten Tag in der Orangerie.<\/p>\n<p>In Kooperation mit dem Gesundheitsnetz Osthessen (GNO) werden aktuelle wissenschaftliche Erkenntnisse aus der Herz-Kreislauf-Medizin mit Relevanz f\u00fcr den ambulanten und station\u00e4ren Bereich kompakt vorgestellt. <\/p>\n<p>Ein Schwerpunkt liegt in diesem Jahr auf der medizinischen Versorgung von Patienten mit Herzschw\u00e4che (Herzinsuffizienz). Angesehene Referenten aus  Kardiologie und Herzchirurgie werden von den neuesten Entwicklungen in diesem Bereich berichten. <\/p>\n<p>Eine wichtige Rolle nehmen auch aktuelle  Behandlungen zur Vorbeugung von Herzerkrankungen ein. Der neue Direktor der Klinik f\u00fcr Gef\u00e4\u00df- und endovaskul\u00e4re Chirurgie am Klinikum Fulda \u2013 Priv.-Doz. Dr. Richard Kellersmann \u2013 wird dazu die fach\u00fcbergreifende Zusammenarbeit zwischen Kardiologie und Gef\u00e4\u00dfchirurgie pr\u00e4sentieren. Dar\u00fcber hinaus werden Neuigkeiten aus den Bereichen Elektrophysiologie, Rhythmus-Aggregate, koronare Herzerkrankung, Bildgebung und Klappenerkrankungen vorgestellt. Spannende Fallbeispiele aus ambulanten und station\u00e4ren Versorgung runden das Vortragspaket ab und laden zum lebhaften Dialog zwischen den G\u00e4sten aus Praxis und Klinik ein.<\/p>\n<p>Der 7. Fuldaer Herztag findet am 13. Mai 2017 im Hotel Maritim statt und wird vom Herz-Thorax-Zentrum Fulda des  Klinikums Fulda in Kooperation mit dem Gesundheitsnetz Osthessen veranstaltet. Die Veranstaltung findet von 8.30 bis 15.00 Uhr statt und steht unter wissenschaftlicher Leitung von Prof. Dr. Volker Sch\u00e4chinger und Priv.-Doz. Dr. Hilmar D\u00f6rge in Kooperation mit den niedergelassenen Kardiologen Dr. Wilhelm-Ludwig Wagner und Michael Conze.<\/p>\n<p>N\u00e4here Informationen: www.fuldaer-herztag.de  <\/p>\n","protected":false},"excerpt":{"rendered":"<div class=\"tmnf_excerpt\"><p>Am 13. Mai ist es wieder soweit: das Herz-Thorax-Zentrum des Klinikums Fulda veranstaaltet den siebten Fuldaer Herztag! Ein \u00fcberzeugendes Programm und die Pr\u00e4sentation des neuen Direktors der Klinik f\u00fcr Gef\u00e4\u00dfchirurgie und endovaskul\u00e4re Chirurgie &#8211; Privatdozent Dr. Richard Kellersmann versprechen einen interessanten Tag in der Orangerie. In Kooperation mit dem Gesundheitsnetz Osthessen (GNO) werden aktuelle wissenschaftliche &hellip;<\/p>\n<\/div>","protected":false},"author":1,"featured_media":0,"comment_status":"closed","ping_status":"closed","sticky":false,"template":"","format":"standard","meta":{"footnotes":""},"categories":[1],"tags":[],"class_list":["post-162890","post","type-post","status-publish","format-standard","hentry","category-startseite"],"_links":{"self":[{"href":"https:\/\/www.fuldaernachrichten.de\/index.php?rest_route=\/wp\/v2\/posts\/162890","targetHints":{"allow":["GET"]}}],"collection":[{"href":"https:\/\/www.fuldaernachrichten.de\/index.php?rest_route=\/wp\/v2\/posts"}],"about":[{"href":"https:\/\/www.fuldaernachrichten.de\/index.php?rest_route=\/wp\/v2\/types\/post"}],"author":[{"embeddable":true,"href":"https:\/\/www.fuldaernachrichten.de\/index.php?rest_route=\/wp\/v2\/users\/1"}],"replies":[{"embeddable":true,"href":"https:\/\/www.fuldaernachrichten.de\/index.php?rest_route=%2Fwp%2Fv2%2Fcomments&post=162890"}],"version-history":[{"count":1,"href":"https:\/\/www.fuldaernachrichten.de\/index.php?rest_route=\/wp\/v2\/posts\/162890\/revisions"}],"predecessor-version":[{"id":162891,"href":"https:\/\/www.fuldaernachrichten.de\/index.php?rest_route=\/wp\/v2\/posts\/162890\/revisions\/162891"}],"wp:attachment":[{"href":"https:\/\/www.fuldaernachrichten.de\/index.php?rest_route=%2Fwp%2Fv2%2Fmedia&parent=162890"}],"wp:term":[{"taxonomy":"category","embeddable":true,"href":"https:\/\/www.fuldaernachrichten.de\/index.php?rest_route=%2Fwp%2Fv2%2Fcategories&post=162890"},{"taxonomy":"post_tag","embeddable":true,"href":"https:\/\/www.fuldaernachrichten.de\/index.php?rest_route=%2Fwp%2Fv2%2Ftags&post=162890"}],"curies":[{"name":"wp","href":"https:\/\/api.w.org\/{rel}","templated":true}]}}