{"id":162885,"date":"2017-05-09T21:31:26","date_gmt":"2017-05-09T19:31:26","guid":{"rendered":"http:\/\/www.fuldaer-nachrichten.de\/?p=162885"},"modified":"2017-05-09T21:31:26","modified_gmt":"2017-05-09T19:31:26","slug":"runder-tisch-gewaltschutz-tagte-auf-einladung-der-gleichstellungsbeauftragten-magdalena-pitzer","status":"publish","type":"post","link":"https:\/\/www.fuldaernachrichten.de\/?p=162885","title":{"rendered":"Runder Tisch \u201eGewaltschutz\u201c tagte auf Einladung der Gleichstellungsbeauftragten Magdalena Pitzer"},"content":{"rendered":"<p>Fachleute der Polizei, des Sozialamtes, des Jugendamts, der Fachstelle f\u00fcr Frauen und Kinder in Not, des Wei\u00dfen Rings, des Kinderschutzbundes und der Diakonie (T\u00e4terberatung \/ Pr\u00e4vention) berieten in Lauterbach den st\u00e4rker werdenden Blick auf die Opfer. \u201eOpferschutz ist ein Menschenrecht, und h\u00e4usliche Gewalt ist keine Privatsache\u201c, sagte Kreisbeigeordnete Magdalena Pitzer. Sie ist Beauftragte des Kreisausschusses f\u00fcr Integration, Inklusion und Gleichstellung. Zugleich ist sie Sprecherin des Handlungsfelds Gewaltpr\u00e4vention im B\u00fcndnis f\u00fcr Familie. Frau Pitzer begr\u00fc\u00dfte die Anstrengungen von staatlicher Seite, die Position des Opfers zu st\u00e4rken und nicht nur auf den T\u00e4ter zu schauen.<br \/>\nYvonne Steller von Fachstelle f\u00fcr Frauen in Not berichtete, dass 2016 \u00fcber 100 Personen beraten worden sind. Die meisten Ratsuchenden sind weiblich und im Alter zwischen 30 und 40 Jahren. Ein F\u00fcnftel kommt \u201eselbst\u201c, der andere gr\u00f6\u00dfere Teil kommt zur Beratung aufgrund von Empfehlungen durch Freunde oder professionelle Dienste (Anw\u00e4lte, Therapeuten und Polizei). Der \u00fcberwiegende Teil kommt zu sechs und mehr Einzelberatungen. Insgesamt fanden rund 800 Beratungsgespr\u00e4che statt.<br \/>\nOpferschutz und Gewaltpr\u00e4vention stehen im Fokus der sogenannten \u201ePsychosozialen Prozessbegleitung\u201c, die die Opfer von h\u00e4uslicher Gewalt w\u00e4hrend eines Gerichtsverfahrens professionell unterst\u00fctzen will. Dies berichteten die Polizeihauptkommissare \u00d6zcan Yilmaz, Denise Abersfelder und der Opferschutzkoordinator Wolfgang Keller. Geplant ist, von Seiten des Gerichts den Opfern kostenfrei eine stabilisierende Unterst\u00fctzung anzubieten. Dies sei ausdr\u00fccklich keine juristische Beratung, sondern solle die oft stark traumatisierten Opfer psychisch stabilisieren, damit sie einen laufenden Prozess \u00fcberhaupt \u00fcberstehen k\u00f6nnen. Auch der Wei\u00dfe Ring k\u00fcmmert sich um Opferbetreuung, erg\u00e4nzte Eckhard K\u00f6mpf vom Wei\u00dfen Ring. Gleiches gilt f\u00fcr die Beratungsstelle SOLWODI.<\/p>\n","protected":false},"excerpt":{"rendered":"<div class=\"tmnf_excerpt\"><p>Fachleute der Polizei, des Sozialamtes, des Jugendamts, der Fachstelle f\u00fcr Frauen und Kinder in Not, des Wei\u00dfen Rings, des Kinderschutzbundes und der Diakonie (T\u00e4terberatung \/ Pr\u00e4vention) berieten in Lauterbach den st\u00e4rker werdenden Blick auf die Opfer. \u201eOpferschutz ist ein Menschenrecht, und h\u00e4usliche Gewalt ist keine Privatsache\u201c, sagte Kreisbeigeordnete Magdalena Pitzer. Sie ist Beauftragte des Kreisausschusses &hellip;<\/p>\n<\/div>","protected":false},"author":1,"featured_media":162888,"comment_status":"closed","ping_status":"closed","sticky":false,"template":"","format":"standard","meta":{"footnotes":""},"categories":[1],"tags":[],"class_list":["post-162885","post","type-post","status-publish","format-standard","has-post-thumbnail","hentry","category-startseite"],"_links":{"self":[{"href":"https:\/\/www.fuldaernachrichten.de\/index.php?rest_route=\/wp\/v2\/posts\/162885","targetHints":{"allow":["GET"]}}],"collection":[{"href":"https:\/\/www.fuldaernachrichten.de\/index.php?rest_route=\/wp\/v2\/posts"}],"about":[{"href":"https:\/\/www.fuldaernachrichten.de\/index.php?rest_route=\/wp\/v2\/types\/post"}],"author":[{"embeddable":true,"href":"https:\/\/www.fuldaernachrichten.de\/index.php?rest_route=\/wp\/v2\/users\/1"}],"replies":[{"embeddable":true,"href":"https:\/\/www.fuldaernachrichten.de\/index.php?rest_route=%2Fwp%2Fv2%2Fcomments&post=162885"}],"version-history":[{"count":1,"href":"https:\/\/www.fuldaernachrichten.de\/index.php?rest_route=\/wp\/v2\/posts\/162885\/revisions"}],"predecessor-version":[{"id":162889,"href":"https:\/\/www.fuldaernachrichten.de\/index.php?rest_route=\/wp\/v2\/posts\/162885\/revisions\/162889"}],"wp:featuredmedia":[{"embeddable":true,"href":"https:\/\/www.fuldaernachrichten.de\/index.php?rest_route=\/wp\/v2\/media\/162888"}],"wp:attachment":[{"href":"https:\/\/www.fuldaernachrichten.de\/index.php?rest_route=%2Fwp%2Fv2%2Fmedia&parent=162885"}],"wp:term":[{"taxonomy":"category","embeddable":true,"href":"https:\/\/www.fuldaernachrichten.de\/index.php?rest_route=%2Fwp%2Fv2%2Fcategories&post=162885"},{"taxonomy":"post_tag","embeddable":true,"href":"https:\/\/www.fuldaernachrichten.de\/index.php?rest_route=%2Fwp%2Fv2%2Ftags&post=162885"}],"curies":[{"name":"wp","href":"https:\/\/api.w.org\/{rel}","templated":true}]}}