{"id":162874,"date":"2017-05-09T21:29:51","date_gmt":"2017-05-09T19:29:51","guid":{"rendered":"http:\/\/www.fuldaer-nachrichten.de\/?p=162874"},"modified":"2017-05-09T21:29:51","modified_gmt":"2017-05-09T19:29:51","slug":"fehlzeitenquote-hessischer-polizeibediensteter-im-jahr-2016-leicht-gestiegen","status":"publish","type":"post","link":"https:\/\/www.fuldaernachrichten.de\/?p=162874","title":{"rendered":"Fehlzeitenquote hessischer Polizeibediensteter im Jahr 2016 leicht gestiegen"},"content":{"rendered":"<p>Die Fehlzeiten bei der hessischen Polizei sind im Jahr 2016 im Vergleich zum Vorjahr leicht gestiegen. Das gab Innenminister Peter Beuth bekannt. Die durchschnittliche Fehlzeitenquote lag 2016 bei rund 7,9 Prozent, im Jahr 2015 wies die Statistik noch einen Durchschnittswert von rund 7,7 Prozent auf. Die durchschnittlichen Fehltage pro Person betrugen im vergangenen Jahr rund 29 Tage, w\u00e4hrend 2015 noch 28 Tage registriert wurden.<\/p>\n<p>Mehr als 1.000 zus\u00e4tzliche Polizeibeamte bis 2020<\/p>\n<p>\u201eDas Land hat in den vergangenen Jahren zahlreiche Ma\u00dfnahmen f\u00fcr die hessische Polizei beschlossen, die die Arbeitsbedingungen verbessern und die Kolleginnen und Kollegen in den Dienststellen entlasten sollen. Dazu geh\u00f6ren die Einstellung von mehr als 1.000 zus\u00e4tzlichen Polizeibeamten bis zum Jahr 2020, die Besoldungserh\u00f6hung um insgesamt 4,4 Prozent in den Jahren 2017 und 2018, die Ausbezahlung von rund 600.000 \u00dcberstunden im vergangenen Jahr sowie die Anhebung der Zulage f\u00fcr den Dienst zu ung\u00fcnstigen Zeiten\u201c, so Innenminister Peter Beuth.<\/p>\n<p>Um die Rahmenbedingungen f\u00fcr die Polizistinnen und Polizisten bei der Arbeit zu verbessern, wurde zudem ein systematisches Gesundheitsmanagement in der hessischen Polizei aufgebaut, bei dem die gesundheitsf\u00f6rderliche Gestaltung von Arbeit und Organisation sowie die Bef\u00e4higung zum gesundheitsf\u00f6rderlichen Verhalten der Besch\u00e4ftigten im Vordergrund stehen.<\/p>\n<p>Fehlzeiten bei der hessischen Polizei<\/p>\n<p>Bei der Auswertung der Fehlzeiten werden aufgrund der unterschiedlichen Arbeitszeitmodelle bei der hessischen Polizei die Kalendertage der Abwesenheit und nicht die Arbeitstage ausgewertet. Dies bedeutet, dass ein dauerhaft krankgeschriebener Polizeibeamter mit vollen 365 Tagen in die Statistik eingeht und nicht mit seinen individuellen Arbeitstagen; im Jahr 2016 waren dies 253 Tage. Ein Polizeibeamter, der im Jahresverlauf drei Erkrankungen (jeweils von Montag bis Sonntag) zu verzeichnen hatte, bei denen er jeweils f\u00fcnf Arbeitstage dem Dienst fernblieb, wird somit aktuell mit 21 Kalendertagen und nicht mit 15 Arbeitstagen erfasst.<\/p>\n<p>Dar\u00fcber hinaus flie\u00dfen im Gegensatz zu den Fehlzeitenquoten der gesetzlichen Krankenkassen in die Fehlzeitenstatistik der hessischen Polizei alle Fehlzeiten ab dem ersten Kalendertag \u2013 auch ohne Attest \u2013 ein. Ein Vergleich der Krankenkassen-Daten mit den Fehlzeitenquoten der hessischen Polizei ist deshalb nicht m\u00f6glich.<\/p>\n<p>Die Fehlzeitenquote berechnet sich wie folgt:<\/p>\n<p>Anzahl der Fehltage aller relevanten Personen * 100<br \/>\n\/<br \/>\n365 Tage * Anzahl der relevanten Personen (Polizeibesch\u00e4ftigte in Hessen)<br \/>\n= 28,89 Tage <\/p>\n<p>Weil nicht alle Besch\u00e4ftigten bei der Polizei an der gleichen Anzahl von Tagen pro Woche arbeiten m\u00fcssen, ist eine Auswertung der Fehlzeiten und der Fehlzeitenquote anhand von Abwesenheit nur an \u00fcblichen Arbeitstagen nicht sinnvoll.<\/p>\n<p>Beispiel 1*: Ein Polizeivollzugsbeamter im Wechselschichtdienst arbeitet beispielsweise durchschnittlich an 3,5 Tagen die Woche jeweils zw\u00f6lf Arbeitsstunden [3,5 x 12 = 42 Stunden].<br \/>\nBeispiel 2*: Ein Polizeivollzugsbeamter im Tagdienst arbeitet an f\u00fcnf Tagen jeweils 8,4 Stunden [5 x 8,4 = 42 Stunden].<br \/>\nFehltage im Sinne dieser Erhebung sind alle Kalendertage, an denen eine Erkrankung (Krankentage), Kur, Reha-Ma\u00dfnahme und Wiedereingliederung vorlag, unabh\u00e4ngig davon, ob an diesen Tagen eine Arbeits- oder Dienstleistungspflicht bestanden hat (einschlie\u00dflich arbeitsfreien Tagen, Wochenenden, Feiertagen).<\/p>\n","protected":false},"excerpt":{"rendered":"<div class=\"tmnf_excerpt\"><p>Die Fehlzeiten bei der hessischen Polizei sind im Jahr 2016 im Vergleich zum Vorjahr leicht gestiegen. Das gab Innenminister Peter Beuth bekannt. Die durchschnittliche Fehlzeitenquote lag 2016 bei rund 7,9 Prozent, im Jahr 2015 wies die Statistik noch einen Durchschnittswert von rund 7,7 Prozent auf. Die durchschnittlichen Fehltage pro Person betrugen im vergangenen Jahr rund &hellip;<\/p>\n<\/div>","protected":false},"author":1,"featured_media":0,"comment_status":"closed","ping_status":"closed","sticky":false,"template":"","format":"standard","meta":{"footnotes":""},"categories":[1],"tags":[],"class_list":["post-162874","post","type-post","status-publish","format-standard","hentry","category-startseite"],"_links":{"self":[{"href":"https:\/\/www.fuldaernachrichten.de\/index.php?rest_route=\/wp\/v2\/posts\/162874","targetHints":{"allow":["GET"]}}],"collection":[{"href":"https:\/\/www.fuldaernachrichten.de\/index.php?rest_route=\/wp\/v2\/posts"}],"about":[{"href":"https:\/\/www.fuldaernachrichten.de\/index.php?rest_route=\/wp\/v2\/types\/post"}],"author":[{"embeddable":true,"href":"https:\/\/www.fuldaernachrichten.de\/index.php?rest_route=\/wp\/v2\/users\/1"}],"replies":[{"embeddable":true,"href":"https:\/\/www.fuldaernachrichten.de\/index.php?rest_route=%2Fwp%2Fv2%2Fcomments&post=162874"}],"version-history":[{"count":1,"href":"https:\/\/www.fuldaernachrichten.de\/index.php?rest_route=\/wp\/v2\/posts\/162874\/revisions"}],"predecessor-version":[{"id":162879,"href":"https:\/\/www.fuldaernachrichten.de\/index.php?rest_route=\/wp\/v2\/posts\/162874\/revisions\/162879"}],"wp:attachment":[{"href":"https:\/\/www.fuldaernachrichten.de\/index.php?rest_route=%2Fwp%2Fv2%2Fmedia&parent=162874"}],"wp:term":[{"taxonomy":"category","embeddable":true,"href":"https:\/\/www.fuldaernachrichten.de\/index.php?rest_route=%2Fwp%2Fv2%2Fcategories&post=162874"},{"taxonomy":"post_tag","embeddable":true,"href":"https:\/\/www.fuldaernachrichten.de\/index.php?rest_route=%2Fwp%2Fv2%2Ftags&post=162874"}],"curies":[{"name":"wp","href":"https:\/\/api.w.org\/{rel}","templated":true}]}}