{"id":162869,"date":"2017-05-09T21:29:00","date_gmt":"2017-05-09T19:29:00","guid":{"rendered":"http:\/\/www.fuldaer-nachrichten.de\/?p=162869"},"modified":"2017-05-09T21:29:00","modified_gmt":"2017-05-09T19:29:00","slug":"patientenfuersprecherinnen-der-kliniken-in-fulda-und-gersfeld-stellen-im-fachausschuss-des-kreistags-ihre-taetigkeitsberichte-vor","status":"publish","type":"post","link":"https:\/\/www.fuldaernachrichten.de\/?p=162869","title":{"rendered":"Patientenf\u00fcrsprecherinnen der Kliniken in Fulda und Gersfeld stellen im Fachausschuss des Kreistags ihre T\u00e4tigkeitsberichte vor"},"content":{"rendered":"<p>\u00dcber eine insgesamt positive Zusammenarbeit mit Klinikleitung, Chef\u00e4rzten und leitenden Mitarbeitern berichtete die Patientenf\u00fcrsprecherin des Klinikums Fulda, Monika Purtauf, in der letzten Sitzung des Kreistagsausschusses f\u00fcr Arbeit, Soziales und Gesundheit. Gleiches galt f\u00fcr Helga B\u00f6hm, die Patientenf\u00fcrsprecherin der Gersfelder Klinik.<\/p>\n<p>In den meisten F\u00e4llen h\u00e4tten die vorgetragenen Anliegen zur Zufriedenheit der Betroffenen erledigt werden k\u00f6nnen, hie\u00df es im T\u00e4tigkeitsbericht von Monika Purtauf. Die Arbeit der Besch\u00e4ftigten des Klinikums werde von den Patienten trotz der nicht immer leichten Rahmenbedingungen anerkannt. Selbst wenn es Kl\u00e4rungsbedarf mit einzelnen Mitarbeitern gebe, bem\u00fchten sich die Beschwerdef\u00fchrer  um eine differenzierte Betrachtung.<\/p>\n<p>Der Inhalt der vorgetragenen Anliegen spiegele die gestiegene Patientendichte wider, so die vom Kreistag f\u00fcr f\u00fcnf Jahre wiedergew\u00e4hlte Patientenf\u00fcrsprecherin des Klinikums. Vermehrt gebe es Klagen \u00fcber Kommunikationsschwierigkeiten zwischen behandelnden \u00c4rzten und Patienten sowie Angeh\u00f6rigen \u2013 zum Beispiel wenn Operationstermin kurzfristig verschoben werden m\u00fcssten oder Arztbriefe versp\u00e4tet zugestellt w\u00fcrden.<\/p>\n<p>Ebenfalls kritisch angemerkt werde, dass es nicht immer leicht sei, einen Gespr\u00e4chstermin mit den behandelnden \u00c4rzten zu bekommen, stellte die Patientenf\u00fcrsprecherin fest. Hinreichend bekannt sei die nach wie vor unbefriedigende Situation in der Notfallaufnahme des Klinikums Hier w\u00e4re es hilfreich, wenn bei absehbaren l\u00e4ngeren Wartezeiten eine Zwischeninformationen der Patienten erfolgen k\u00f6nnte, regte Monika Purtauf an.<\/p>\n<p>Helga B\u00f6hm betonte in ihrem T\u00e4tigkeitsbericht, dass sich die Gersfelder Klinik auf einem guten Weg befinde. Wie Monika Purtauf bietet sie regelm\u00e4\u00dfige Sprechstunden an und macht Besuche auf den Krankenstationen. Auch kann au\u00dferhalb der Sprechzeiten mit ihr Kontakt beispielsweise \u00fcber einen Kummerkasten aufgenommen werden. Dabei zeigten sich die Patienten, so Helga B\u00f6hm, recht zufrieden mit der klinischen Versorgung in Gersfeld.<\/p>\n","protected":false},"excerpt":{"rendered":"<div class=\"tmnf_excerpt\"><p>\u00dcber eine insgesamt positive Zusammenarbeit mit Klinikleitung, Chef\u00e4rzten und leitenden Mitarbeitern berichtete die Patientenf\u00fcrsprecherin des Klinikums Fulda, Monika Purtauf, in der letzten Sitzung des Kreistagsausschusses f\u00fcr Arbeit, Soziales und Gesundheit. Gleiches galt f\u00fcr Helga B\u00f6hm, die Patientenf\u00fcrsprecherin der Gersfelder Klinik. In den meisten F\u00e4llen h\u00e4tten die vorgetragenen Anliegen zur Zufriedenheit der Betroffenen erledigt werden k\u00f6nnen, &hellip;<\/p>\n<\/div>","protected":false},"author":1,"featured_media":0,"comment_status":"closed","ping_status":"closed","sticky":false,"template":"","format":"standard","meta":{"footnotes":""},"categories":[1],"tags":[],"class_list":["post-162869","post","type-post","status-publish","format-standard","hentry","category-startseite"],"_links":{"self":[{"href":"https:\/\/www.fuldaernachrichten.de\/index.php?rest_route=\/wp\/v2\/posts\/162869","targetHints":{"allow":["GET"]}}],"collection":[{"href":"https:\/\/www.fuldaernachrichten.de\/index.php?rest_route=\/wp\/v2\/posts"}],"about":[{"href":"https:\/\/www.fuldaernachrichten.de\/index.php?rest_route=\/wp\/v2\/types\/post"}],"author":[{"embeddable":true,"href":"https:\/\/www.fuldaernachrichten.de\/index.php?rest_route=\/wp\/v2\/users\/1"}],"replies":[{"embeddable":true,"href":"https:\/\/www.fuldaernachrichten.de\/index.php?rest_route=%2Fwp%2Fv2%2Fcomments&post=162869"}],"version-history":[{"count":1,"href":"https:\/\/www.fuldaernachrichten.de\/index.php?rest_route=\/wp\/v2\/posts\/162869\/revisions"}],"predecessor-version":[{"id":162875,"href":"https:\/\/www.fuldaernachrichten.de\/index.php?rest_route=\/wp\/v2\/posts\/162869\/revisions\/162875"}],"wp:attachment":[{"href":"https:\/\/www.fuldaernachrichten.de\/index.php?rest_route=%2Fwp%2Fv2%2Fmedia&parent=162869"}],"wp:term":[{"taxonomy":"category","embeddable":true,"href":"https:\/\/www.fuldaernachrichten.de\/index.php?rest_route=%2Fwp%2Fv2%2Fcategories&post=162869"},{"taxonomy":"post_tag","embeddable":true,"href":"https:\/\/www.fuldaernachrichten.de\/index.php?rest_route=%2Fwp%2Fv2%2Ftags&post=162869"}],"curies":[{"name":"wp","href":"https:\/\/api.w.org\/{rel}","templated":true}]}}