{"id":162868,"date":"2017-05-09T21:28:35","date_gmt":"2017-05-09T19:28:35","guid":{"rendered":"http:\/\/www.fuldaer-nachrichten.de\/?p=162868"},"modified":"2017-05-09T21:28:35","modified_gmt":"2017-05-09T19:28:35","slug":"suizid-das-doppelte-tabu-freya-von-stuelpnagel-spricht-am-19-mai-im-malteser-hospiz-zentrum","status":"publish","type":"post","link":"https:\/\/www.fuldaernachrichten.de\/?p=162868","title":{"rendered":"Suizid \u2013 das doppelte Tabu &#8211; Freya von St\u00fclpnagel spricht am 19. Mai im Malteser-Hospiz-Zentrum"},"content":{"rendered":"<p>Der Tod an sich ist schon etwas, mit dem wir uns nicht gerne auseinandersetzen. Er macht uns Angst, weil wir alle nicht wissen, was uns erwartet und wie wir damit umgehen k\u00f6nnen. Wie reagieren wir als Betroffene? Wie das soziale Umfeld? Was hilft? Was hilft nicht? Diese Fragen dr\u00e4ngen umso mehr, wenn ein Mensch am Suizid verstorben ist. Da ist die Fassungslosigkeit der Angeh\u00f6rigen besonders gro\u00df, die Verunsicherung des sozialen Umfeldes entsprechend ausgepr\u00e4gt. Mit diesen Fragen befasst sich der Vortrag von Freya von St\u00fclpnagel, die nach einem eigenen Verlust ihren Beruf als Juristin und Anw\u00e4ltin aufgegeben hat  und als Trauerbegleiterin viele Menschen durch die Trauer begleitet. Sie zeigt M\u00f6glichkeiten auf, so einen schweren Schicksalsschlag zu \u00fcberleben und wie das soziale Umfeld einen unterst\u00fctzenden, sensiblen Weg mitgehen kann, damit die Hinterbliebenen eines Tages trotzdem wieder Ja zum Leben sagen k\u00f6nnen. Die AGUS Gruppe Fulda, der Verein Trauernde Eltern e.V. und das Malteser Hospiz-Zentrum laden herzlich zum Vortrag am 19. Mai ab 18 Uhr ins Hospiz-Zentrum, Gerloser Weg 20, (Zentrum Vital)  in Fulda ein. Alle drei Organisationen bieten Angebote f\u00fcr Trauernde an.<br \/>\nUm Anmeldung wird gebeten. Informationen und Anmeldung im Hospiz-Zentrum, Telefon 0661 4802720. <\/p>\n","protected":false},"excerpt":{"rendered":"<div class=\"tmnf_excerpt\"><p>Der Tod an sich ist schon etwas, mit dem wir uns nicht gerne auseinandersetzen. Er macht uns Angst, weil wir alle nicht wissen, was uns erwartet und wie wir damit umgehen k\u00f6nnen. Wie reagieren wir als Betroffene? Wie das soziale Umfeld? Was hilft? Was hilft nicht? Diese Fragen dr\u00e4ngen umso mehr, wenn ein Mensch am &hellip;<\/p>\n<\/div>","protected":false},"author":1,"featured_media":0,"comment_status":"closed","ping_status":"closed","sticky":false,"template":"","format":"standard","meta":{"footnotes":""},"categories":[1],"tags":[],"class_list":["post-162868","post","type-post","status-publish","format-standard","hentry","category-startseite"],"_links":{"self":[{"href":"https:\/\/www.fuldaernachrichten.de\/index.php?rest_route=\/wp\/v2\/posts\/162868","targetHints":{"allow":["GET"]}}],"collection":[{"href":"https:\/\/www.fuldaernachrichten.de\/index.php?rest_route=\/wp\/v2\/posts"}],"about":[{"href":"https:\/\/www.fuldaernachrichten.de\/index.php?rest_route=\/wp\/v2\/types\/post"}],"author":[{"embeddable":true,"href":"https:\/\/www.fuldaernachrichten.de\/index.php?rest_route=\/wp\/v2\/users\/1"}],"replies":[{"embeddable":true,"href":"https:\/\/www.fuldaernachrichten.de\/index.php?rest_route=%2Fwp%2Fv2%2Fcomments&post=162868"}],"version-history":[{"count":1,"href":"https:\/\/www.fuldaernachrichten.de\/index.php?rest_route=\/wp\/v2\/posts\/162868\/revisions"}],"predecessor-version":[{"id":162873,"href":"https:\/\/www.fuldaernachrichten.de\/index.php?rest_route=\/wp\/v2\/posts\/162868\/revisions\/162873"}],"wp:attachment":[{"href":"https:\/\/www.fuldaernachrichten.de\/index.php?rest_route=%2Fwp%2Fv2%2Fmedia&parent=162868"}],"wp:term":[{"taxonomy":"category","embeddable":true,"href":"https:\/\/www.fuldaernachrichten.de\/index.php?rest_route=%2Fwp%2Fv2%2Fcategories&post=162868"},{"taxonomy":"post_tag","embeddable":true,"href":"https:\/\/www.fuldaernachrichten.de\/index.php?rest_route=%2Fwp%2Fv2%2Ftags&post=162868"}],"curies":[{"name":"wp","href":"https:\/\/api.w.org\/{rel}","templated":true}]}}