{"id":162861,"date":"2017-05-08T09:07:38","date_gmt":"2017-05-08T07:07:38","guid":{"rendered":"http:\/\/www.fuldaer-nachrichten.de\/?p=162861"},"modified":"2017-05-08T09:07:38","modified_gmt":"2017-05-08T07:07:38","slug":"neue-stadtfuehrung-zu-luther-und-fulda-2","status":"publish","type":"post","link":"https:\/\/www.fuldaernachrichten.de\/?p=162861","title":{"rendered":"Neue Stadtf\u00fchrung zu Luther und Fulda"},"content":{"rendered":"<p>Die Verbreitung der 95 Thesen Martin Luthers von Wittenberg aus j\u00e4hrt sich in diesem Jahr zum 500. Mal. Niemand ahnte damals wohl, dass damit der Grundstein f\u00fcr die Entwicklung einer neuen, protestantischen Konfession gelegt wurde. Den vielf\u00e4ltigen Veranstaltungen rund um das Gedenkjahr kann man sich kaum entziehen: H\u00f6hepunkt wird voraussichtlich der Deutsche Evangelische Kirchentag in Berlin mit Abschlussgottesdienst in Wittenberg sein (24.- 28. Mai 2017). Diese Gro\u00dfveranstaltungen wurden \u00fcbrigens von Fulda aus geplant \u2013 denn hier ist der Sitz des Vereins zur F\u00f6rderung des Deutschen Evangelischen Kirchentages. <\/p>\n<p>Auch f\u00fcr Fulda war die Reformationsepoche eine Zeit des Auf- und Umbruchs. In dem im November 2016 erschienenen Buch \u201eFulda 50 Sch\u00e4tze und Besonderheiten\u201c haben sich die Autoren \u2013 Fuldaer G\u00e4stef\u00fchrer \u2013 u. a. mit diesem Thema befasst. \u00dcberrascht \u00fcber die F\u00fclle von historischen Details, entstand daraus die Idee, eine neue Stadtf\u00fchrung zu konzipieren: \u201eLuther und Fulda? Auf dem Weg des evangelischen Bekenntnisses durch die katholische Stadt\u201c.<br \/>\nDiese zweist\u00fcndige Themenf\u00fchrung zeigt ungeahnt viele Facetten zum Thema Protestantismus in Fulda und kann f\u00fcr Gruppen ab sofort \u00fcber die Tourist-Information gebucht werden. Die G\u00e4stef\u00fchrer Susanne Bohl, Brigitte Busold, Marita Glaser und Michael Kiel f\u00fchren zu Schaupl\u00e4tzen der Reformationsepoche, erz\u00e4hlen, wie der &#8220;Neue Glaube&#8221; im Hochstift Fulda Fu\u00df fasste und wie h\u00f6chst unterschiedlich die F\u00fcrst\u00e4bte reagierten. In der katholisch gepr\u00e4gten Stadt gibt es an \u00fcberraschend vielen Pl\u00e4tzen und Ecken Erstaunliches aus der Geschichte des evangelischen Glaubens zu erfahren. Was hatte beispielweise der Anschluss Fuldas an das Bahnnetz mit dem Bau der Christuskirche zu tun? Sie wurde als erstes evangelisches Gotteshaus in der Stadt erbaut. Der Besuch dieser Kirche ist das Ziel des Weges durch 500 Jahre spannende Geschichte.<\/p>\n<p>Am Freitag, 12. Mai, um 15.30 Uhr wird die F\u00fchrung \u00f6ffentlich zum Preis von 8 Euro pro Person (6 Euro erm\u00e4\u00dfigt) angeboten.<br \/>\nAnmeldung: Tourist Information Fulda, Telefon (0661) 102-1813, \u00e2\u20ac\u00a8tourismus@fulda.de<\/p>\n","protected":false},"excerpt":{"rendered":"<div class=\"tmnf_excerpt\"><p>Die Verbreitung der 95 Thesen Martin Luthers von Wittenberg aus j\u00e4hrt sich in diesem Jahr zum 500. Mal. Niemand ahnte damals wohl, dass damit der Grundstein f\u00fcr die Entwicklung einer neuen, protestantischen Konfession gelegt wurde. Den vielf\u00e4ltigen Veranstaltungen rund um das Gedenkjahr kann man sich kaum entziehen: H\u00f6hepunkt wird voraussichtlich der Deutsche Evangelische Kirchentag in &hellip;<\/p>\n<\/div>","protected":false},"author":1,"featured_media":162865,"comment_status":"closed","ping_status":"closed","sticky":false,"template":"","format":"standard","meta":{"footnotes":""},"categories":[1],"tags":[],"class_list":["post-162861","post","type-post","status-publish","format-standard","has-post-thumbnail","hentry","category-startseite"],"_links":{"self":[{"href":"https:\/\/www.fuldaernachrichten.de\/index.php?rest_route=\/wp\/v2\/posts\/162861","targetHints":{"allow":["GET"]}}],"collection":[{"href":"https:\/\/www.fuldaernachrichten.de\/index.php?rest_route=\/wp\/v2\/posts"}],"about":[{"href":"https:\/\/www.fuldaernachrichten.de\/index.php?rest_route=\/wp\/v2\/types\/post"}],"author":[{"embeddable":true,"href":"https:\/\/www.fuldaernachrichten.de\/index.php?rest_route=\/wp\/v2\/users\/1"}],"replies":[{"embeddable":true,"href":"https:\/\/www.fuldaernachrichten.de\/index.php?rest_route=%2Fwp%2Fv2%2Fcomments&post=162861"}],"version-history":[{"count":1,"href":"https:\/\/www.fuldaernachrichten.de\/index.php?rest_route=\/wp\/v2\/posts\/162861\/revisions"}],"predecessor-version":[{"id":162866,"href":"https:\/\/www.fuldaernachrichten.de\/index.php?rest_route=\/wp\/v2\/posts\/162861\/revisions\/162866"}],"wp:featuredmedia":[{"embeddable":true,"href":"https:\/\/www.fuldaernachrichten.de\/index.php?rest_route=\/wp\/v2\/media\/162865"}],"wp:attachment":[{"href":"https:\/\/www.fuldaernachrichten.de\/index.php?rest_route=%2Fwp%2Fv2%2Fmedia&parent=162861"}],"wp:term":[{"taxonomy":"category","embeddable":true,"href":"https:\/\/www.fuldaernachrichten.de\/index.php?rest_route=%2Fwp%2Fv2%2Fcategories&post=162861"},{"taxonomy":"post_tag","embeddable":true,"href":"https:\/\/www.fuldaernachrichten.de\/index.php?rest_route=%2Fwp%2Fv2%2Ftags&post=162861"}],"curies":[{"name":"wp","href":"https:\/\/api.w.org\/{rel}","templated":true}]}}