{"id":162859,"date":"2017-05-08T09:00:43","date_gmt":"2017-05-08T07:00:43","guid":{"rendered":"http:\/\/www.fuldaer-nachrichten.de\/?p=162859"},"modified":"2017-05-08T09:00:43","modified_gmt":"2017-05-08T07:00:43","slug":"kommunales-jobcenter-zwei-regionalprojekte-in-alsfeld-und-lauterbach-haben-begonnen","status":"publish","type":"post","link":"https:\/\/www.fuldaernachrichten.de\/?p=162859","title":{"rendered":"Kommunales Jobcenter: Zwei Regionalprojekte in Alsfeld und Lauterbach haben begonnen"},"content":{"rendered":"<p>Gemeinsam mit den St\u00e4dten Alsfeld und Lauterbach hat die KVA Vogelsbergkreis \u2013 Kommunales Jobcenter neue Regionalprojekte gestartet: Motivierten Langzeitarbeitslosen soll mit Unterst\u00fctzung durch Coaches und Unternehmen der Region der Wiedereinstieg in die Arbeitswelt erm\u00f6glicht werden. Alle zwei Wochen finden gemeinsame Treffen in den R\u00e4umen der St\u00e4dte statt. \u201eDieser regionale Ansatz zeigt die Kreativit\u00e4t unseres Jobcenters und die Wertsch\u00e4tzung gegen\u00fcber den Menschen, die oft ihre eigenen M\u00f6glichkeiten nicht mehr erkennen k\u00f6nnen\u201c, lobt Arbeitsdezernent Manfred G\u00f6rig. Nach vier erfolgreichen Regionalprojekten in Schotten, Homberg, M\u00fccke und Schlitz erhielten nun jeweils 15 motivierte und qualifizierte Arbeitssuchende in Lauterbach und Alsfeld die Chance eine passende Arbeitsstelle vor Ort zu finden.<\/p>\n<p>Die Teilnehmenden bringen ihre Kenntnisse und Netzwerke in das \u201cRegionalprojekt\u201c mit ein. Sie erarbeiten im Einzel- und Gruppencoaching neue berufliche Perspektiven und entdecken eigene St\u00e4rken und Kompetenzen (wieder). Aber auch f\u00fcr die regionalen Unternehmen stellen diese Regionalprojekte eine hervorragende M\u00f6glichkeit dar, motivierte Besch\u00e4ftigte zu gewinnen und ihr unternehmerisches Know-how in die \u201cRegionalprojekte\u201c mit einzubringen.<\/p>\n<p>Bei der Er\u00f6ffnungsveranstaltung in Alsfeld zeigte sich B\u00fcrgermeister Paule sehr erfreut, dass die KVA mit diesem Projekt nach Alsfeld gekommen ist: &#8220;Die Stadt wird versuchen ihren Teil dazu beizutragen, dass sich f\u00fcr die Teilnehmenden berufliche Perspektiven er\u00f6ffnen.&#8221; Und auch B\u00fcrgermeister Rainer Hans-Vollm\u00f6ller sagte zur Auftaktveranstaltung des Regionalprojektes in Lauterbach: \u201eDie Gremien der Kreisstadt Lauterbach freuen sich \u00fcber die Angebote der KVA Vogelsbergkreis. Wir bef\u00fcrworten und unterst\u00fctzten selbstverst\u00e4ndlich auch das neue Projekt und hoffen, dass mit Hilfe der vorhandenen und sich noch vergr\u00f6\u00dfernden Netzwerke die B\u00fcrger unserer Stadt wieder neue Perspektiven erhalten werden und dadurch das Projekt f\u00fcr die Teilnehmer als auch f\u00fcr die Unternehmen ein Erfolg werden kann.\u201c<\/p>\n<p>Der bisherige Erfolg gibt dem regionalen Arbeitsmarktprojekt Recht: Ungef\u00e4hr 40 Prozent der Teilnehmenden finden w\u00e4hrend oder nach dem Abschluss des Regionalprojektes eine Arbeit.<br \/>\nUm diesen Erfolg zu erreichen wird der Arbeitgeberservice der KVA auf die Unternehmen in Alsfeld und Lauterbach zukommen und f\u00fcr weitere Fragen und Anregungen zur Verf\u00fcgung stehen. Interessierte Unternehmer oder Einrichtungen k\u00f6nnen sich mit der KVA Vogelsbergkreis \u2013 Kommunales Jobcenter in Verbindung setzen und sich \u00fcber Details informieren. W\u00e4hrend der Einarbeitungsphase der potenziellen Arbeitnehmer\/in gibt es verschiedene F\u00f6rderm\u00f6glichkeiten, beispielsweise einen Eingliederungszuschuss oder eine finanzielle Unterst\u00fctzung bei einer betrieblichen Einzelumschulung oder Nachqualifizierung.<\/p>\n<p>Die Regionalprojekte werden durch das Hessische Ministerium f\u00fcr Soziales und Integration im Rahmen des Programmes \u201eKompetenzen entwickeln \u2013 Perspektiven er\u00f6ffnen\u201c gef\u00f6rdert.<br \/>\nKontakt zum Arbeitgeberservice (AGS): Alsfeld: Ute M\u00fcller, Tel.: 06641\/977-4011, ute.mueller@vogelsbergkreis.de; Lauterbach: Christa Eichenauer, Tel.: 06641\/977-254, christa.eichenauer@vogelsbergkreis.de<\/p>\n","protected":false},"excerpt":{"rendered":"<div class=\"tmnf_excerpt\"><p>Gemeinsam mit den St\u00e4dten Alsfeld und Lauterbach hat die KVA Vogelsbergkreis \u2013 Kommunales Jobcenter neue Regionalprojekte gestartet: Motivierten Langzeitarbeitslosen soll mit Unterst\u00fctzung durch Coaches und Unternehmen der Region der Wiedereinstieg in die Arbeitswelt erm\u00f6glicht werden. Alle zwei Wochen finden gemeinsame Treffen in den R\u00e4umen der St\u00e4dte statt. \u201eDieser regionale Ansatz zeigt die Kreativit\u00e4t unseres Jobcenters &hellip;<\/p>\n<\/div>","protected":false},"author":1,"featured_media":162862,"comment_status":"closed","ping_status":"closed","sticky":false,"template":"","format":"standard","meta":{"footnotes":""},"categories":[1],"tags":[],"class_list":["post-162859","post","type-post","status-publish","format-standard","has-post-thumbnail","hentry","category-startseite"],"_links":{"self":[{"href":"https:\/\/www.fuldaernachrichten.de\/index.php?rest_route=\/wp\/v2\/posts\/162859","targetHints":{"allow":["GET"]}}],"collection":[{"href":"https:\/\/www.fuldaernachrichten.de\/index.php?rest_route=\/wp\/v2\/posts"}],"about":[{"href":"https:\/\/www.fuldaernachrichten.de\/index.php?rest_route=\/wp\/v2\/types\/post"}],"author":[{"embeddable":true,"href":"https:\/\/www.fuldaernachrichten.de\/index.php?rest_route=\/wp\/v2\/users\/1"}],"replies":[{"embeddable":true,"href":"https:\/\/www.fuldaernachrichten.de\/index.php?rest_route=%2Fwp%2Fv2%2Fcomments&post=162859"}],"version-history":[{"count":1,"href":"https:\/\/www.fuldaernachrichten.de\/index.php?rest_route=\/wp\/v2\/posts\/162859\/revisions"}],"predecessor-version":[{"id":162863,"href":"https:\/\/www.fuldaernachrichten.de\/index.php?rest_route=\/wp\/v2\/posts\/162859\/revisions\/162863"}],"wp:featuredmedia":[{"embeddable":true,"href":"https:\/\/www.fuldaernachrichten.de\/index.php?rest_route=\/wp\/v2\/media\/162862"}],"wp:attachment":[{"href":"https:\/\/www.fuldaernachrichten.de\/index.php?rest_route=%2Fwp%2Fv2%2Fmedia&parent=162859"}],"wp:term":[{"taxonomy":"category","embeddable":true,"href":"https:\/\/www.fuldaernachrichten.de\/index.php?rest_route=%2Fwp%2Fv2%2Fcategories&post=162859"},{"taxonomy":"post_tag","embeddable":true,"href":"https:\/\/www.fuldaernachrichten.de\/index.php?rest_route=%2Fwp%2Fv2%2Ftags&post=162859"}],"curies":[{"name":"wp","href":"https:\/\/api.w.org\/{rel}","templated":true}]}}