{"id":162853,"date":"2017-05-08T08:59:20","date_gmt":"2017-05-08T06:59:20","guid":{"rendered":"http:\/\/www.fuldaer-nachrichten.de\/?p=162853"},"modified":"2017-05-08T08:59:20","modified_gmt":"2017-05-08T06:59:20","slug":"vortrag-zur-documenta","status":"publish","type":"post","link":"https:\/\/www.fuldaernachrichten.de\/?p=162853","title":{"rendered":"Vortrag zur documenta"},"content":{"rendered":"<p>Einen einf\u00fchrenden Vortrag zur documenta 14, die am 10. Juni in Kassel er\u00f6ffnet wird, gibt es an der St\u00e4dtischen Volkshochschule am Donnerstag, 11. Mai, 19.00 Uhr im vhs-Vortragssaal im Vonderau Museum.<br \/>\nDie Kunstgeschichtlerin Dr. Marion Feld gibt aus diesem Anlass einen \u00dcberblick zur Idee und Geschichte der documenta, die als bedeutendste Ausstellung zur modernen Kunst alle 5 Jahre in Kassel veranstaltet wird. Die Geb\u00fchr betr\u00e4gt 5 \u00e2\u201a\u00ac.<\/p>\n","protected":false},"excerpt":{"rendered":"<div class=\"tmnf_excerpt\"><p>Einen einf\u00fchrenden Vortrag zur documenta 14, die am 10. Juni in Kassel er\u00f6ffnet wird, gibt es an der St\u00e4dtischen Volkshochschule am Donnerstag, 11. Mai, 19.00 Uhr im vhs-Vortragssaal im Vonderau Museum. Die Kunstgeschichtlerin Dr. Marion Feld gibt aus diesem Anlass einen \u00dcberblick zur Idee und Geschichte der documenta, die als bedeutendste Ausstellung zur modernen Kunst &hellip;<\/p>\n<\/div>","protected":false},"author":1,"featured_media":0,"comment_status":"closed","ping_status":"closed","sticky":false,"template":"","format":"standard","meta":{"footnotes":""},"categories":[1],"tags":[],"class_list":["post-162853","post","type-post","status-publish","format-standard","hentry","category-startseite"],"_links":{"self":[{"href":"https:\/\/www.fuldaernachrichten.de\/index.php?rest_route=\/wp\/v2\/posts\/162853","targetHints":{"allow":["GET"]}}],"collection":[{"href":"https:\/\/www.fuldaernachrichten.de\/index.php?rest_route=\/wp\/v2\/posts"}],"about":[{"href":"https:\/\/www.fuldaernachrichten.de\/index.php?rest_route=\/wp\/v2\/types\/post"}],"author":[{"embeddable":true,"href":"https:\/\/www.fuldaernachrichten.de\/index.php?rest_route=\/wp\/v2\/users\/1"}],"replies":[{"embeddable":true,"href":"https:\/\/www.fuldaernachrichten.de\/index.php?rest_route=%2Fwp%2Fv2%2Fcomments&post=162853"}],"version-history":[{"count":1,"href":"https:\/\/www.fuldaernachrichten.de\/index.php?rest_route=\/wp\/v2\/posts\/162853\/revisions"}],"predecessor-version":[{"id":162856,"href":"https:\/\/www.fuldaernachrichten.de\/index.php?rest_route=\/wp\/v2\/posts\/162853\/revisions\/162856"}],"wp:attachment":[{"href":"https:\/\/www.fuldaernachrichten.de\/index.php?rest_route=%2Fwp%2Fv2%2Fmedia&parent=162853"}],"wp:term":[{"taxonomy":"category","embeddable":true,"href":"https:\/\/www.fuldaernachrichten.de\/index.php?rest_route=%2Fwp%2Fv2%2Fcategories&post=162853"},{"taxonomy":"post_tag","embeddable":true,"href":"https:\/\/www.fuldaernachrichten.de\/index.php?rest_route=%2Fwp%2Fv2%2Ftags&post=162853"}],"curies":[{"name":"wp","href":"https:\/\/api.w.org\/{rel}","templated":true}]}}