{"id":162852,"date":"2017-05-08T08:59:36","date_gmt":"2017-05-08T06:59:36","guid":{"rendered":"http:\/\/www.fuldaer-nachrichten.de\/?p=162852"},"modified":"2017-05-08T08:59:36","modified_gmt":"2017-05-08T06:59:36","slug":"besichtigung-der-energie-erlebniswelt-des-uewag-informationszentrums","status":"publish","type":"post","link":"https:\/\/www.fuldaernachrichten.de\/?p=162852","title":{"rendered":"Besichtigung der Energie-Erlebniswelt des \u00dcWAG-Informationszentrums"},"content":{"rendered":"<p>Die Volkshochschule der Stadt Fulda bietet am Mittwoch, 10. Mai, 10.00 Uhr, eine Besichtigung der Energie-Ausstellung im \u00dcWAG-Informationszentrum in der Frankfurter Stra\u00dfe an. Sie erhalten einen \u00dcberblick \u00fcber Aufgaben, Ziele und Dienstleistungsangebote der \u00dcWAG-Gruppe.<\/p>\n<p>Auskunft und Anmeldung \u00fcber die vhs-Gesch\u00e4ftsstelle, Unterm Hl. Kreuz 1, Telefon 0661\/102-1477 oder -1474.<\/p>\n","protected":false},"excerpt":{"rendered":"<div class=\"tmnf_excerpt\"><p>Die Volkshochschule der Stadt Fulda bietet am Mittwoch, 10. Mai, 10.00 Uhr, eine Besichtigung der Energie-Ausstellung im \u00dcWAG-Informationszentrum in der Frankfurter Stra\u00dfe an. Sie erhalten einen \u00dcberblick \u00fcber Aufgaben, Ziele und Dienstleistungsangebote der \u00dcWAG-Gruppe. Auskunft und Anmeldung \u00fcber die vhs-Gesch\u00e4ftsstelle, Unterm Hl. Kreuz 1, Telefon 0661\/102-1477 oder -1474.<\/p>\n<\/div>","protected":false},"author":1,"featured_media":0,"comment_status":"closed","ping_status":"closed","sticky":false,"template":"","format":"standard","meta":{"footnotes":""},"categories":[1],"tags":[],"class_list":["post-162852","post","type-post","status-publish","format-standard","hentry","category-startseite"],"_links":{"self":[{"href":"https:\/\/www.fuldaernachrichten.de\/index.php?rest_route=\/wp\/v2\/posts\/162852","targetHints":{"allow":["GET"]}}],"collection":[{"href":"https:\/\/www.fuldaernachrichten.de\/index.php?rest_route=\/wp\/v2\/posts"}],"about":[{"href":"https:\/\/www.fuldaernachrichten.de\/index.php?rest_route=\/wp\/v2\/types\/post"}],"author":[{"embeddable":true,"href":"https:\/\/www.fuldaernachrichten.de\/index.php?rest_route=\/wp\/v2\/users\/1"}],"replies":[{"embeddable":true,"href":"https:\/\/www.fuldaernachrichten.de\/index.php?rest_route=%2Fwp%2Fv2%2Fcomments&post=162852"}],"version-history":[{"count":1,"href":"https:\/\/www.fuldaernachrichten.de\/index.php?rest_route=\/wp\/v2\/posts\/162852\/revisions"}],"predecessor-version":[{"id":162858,"href":"https:\/\/www.fuldaernachrichten.de\/index.php?rest_route=\/wp\/v2\/posts\/162852\/revisions\/162858"}],"wp:attachment":[{"href":"https:\/\/www.fuldaernachrichten.de\/index.php?rest_route=%2Fwp%2Fv2%2Fmedia&parent=162852"}],"wp:term":[{"taxonomy":"category","embeddable":true,"href":"https:\/\/www.fuldaernachrichten.de\/index.php?rest_route=%2Fwp%2Fv2%2Fcategories&post=162852"},{"taxonomy":"post_tag","embeddable":true,"href":"https:\/\/www.fuldaernachrichten.de\/index.php?rest_route=%2Fwp%2Fv2%2Ftags&post=162852"}],"curies":[{"name":"wp","href":"https:\/\/api.w.org\/{rel}","templated":true}]}}