{"id":162844,"date":"2017-05-08T08:59:14","date_gmt":"2017-05-08T06:59:14","guid":{"rendered":"http:\/\/www.fuldaer-nachrichten.de\/?p=162844"},"modified":"2017-05-08T08:59:14","modified_gmt":"2017-05-08T06:59:14","slug":"neues-weiterbildungsangebot-palliativ-care-pflege","status":"publish","type":"post","link":"https:\/\/www.fuldaernachrichten.de\/?p=162844","title":{"rendered":"Neues Weiterbildungsangebot: Palliativ Care Pflege"},"content":{"rendered":"<p>Palliativpflege setzt spezielle F\u00e4higkeiten voraus, deshalb bietet die Vogelsberger Pflegeakademie ab Juni die neue Weiterbildung zur  \u201eFachkraft Palliativ Care Pflege\u201c an. Dozent Marco Schwarz wird diese Weitbildung leiten, die sich an Pflegefachkr\u00e4fte in Krankenh\u00e4usern, station\u00e4ren wie auch ambulanten Pflegeeinrichtungen richtet und einen Gesamtumfang von 200 Unterrichtseinheiten hat.<\/p>\n<p>Der Dozent hat selbst Weiterbildungen zum \u201ePalliativbeauftragten (IHK)\u201c und aktuell in der \u201ePalliativ Care Pflege\u201c erfolgreich abgeschlossen und freut sich darauf, sein Wissen in diesem wichtigen Pflegebereich weiterzugeben. \u201eNach dem neuen Hospiz- und Palliativgesetz (HPG) ist die palliative Versorgung Schwerstkranker und sterbender Menschen pflegerische Regelleistung\u201c, erkl\u00e4rt er, \u201edas hei\u00dft, die betroffenen Patienten, Klienten bzw. Bewohner haben einen Anspruch darauf, angemessen versorgt zu werden.\u201c<\/p>\n<p>Die Inhalte sowie den Ablauf und weitere wichtige Informationen sind dem Flyer auf der Homepage www.vogelsberger-pflegeakademie.de unter der Rubrik \u201eDownloads\u201c zu entnehmen. F\u00fcr pers\u00f6nlichen oder telefonischen Kontakt steht die Vogelsberger Pflegeakademie, Am Ringofen 17, Alsfeld, Telefon 06631\/1320, gerne zur Verf\u00fcgung.<\/p>\n","protected":false},"excerpt":{"rendered":"<div class=\"tmnf_excerpt\"><p>Palliativpflege setzt spezielle F\u00e4higkeiten voraus, deshalb bietet die Vogelsberger Pflegeakademie ab Juni die neue Weiterbildung zur \u201eFachkraft Palliativ Care Pflege\u201c an. Dozent Marco Schwarz wird diese Weitbildung leiten, die sich an Pflegefachkr\u00e4fte in Krankenh\u00e4usern, station\u00e4ren wie auch ambulanten Pflegeeinrichtungen richtet und einen Gesamtumfang von 200 Unterrichtseinheiten hat. Der Dozent hat selbst Weiterbildungen zum \u201ePalliativbeauftragten (IHK)\u201c &hellip;<\/p>\n<\/div>","protected":false},"author":1,"featured_media":162854,"comment_status":"closed","ping_status":"closed","sticky":false,"template":"","format":"standard","meta":{"footnotes":""},"categories":[1],"tags":[],"class_list":["post-162844","post","type-post","status-publish","format-standard","has-post-thumbnail","hentry","category-startseite"],"_links":{"self":[{"href":"https:\/\/www.fuldaernachrichten.de\/index.php?rest_route=\/wp\/v2\/posts\/162844","targetHints":{"allow":["GET"]}}],"collection":[{"href":"https:\/\/www.fuldaernachrichten.de\/index.php?rest_route=\/wp\/v2\/posts"}],"about":[{"href":"https:\/\/www.fuldaernachrichten.de\/index.php?rest_route=\/wp\/v2\/types\/post"}],"author":[{"embeddable":true,"href":"https:\/\/www.fuldaernachrichten.de\/index.php?rest_route=\/wp\/v2\/users\/1"}],"replies":[{"embeddable":true,"href":"https:\/\/www.fuldaernachrichten.de\/index.php?rest_route=%2Fwp%2Fv2%2Fcomments&post=162844"}],"version-history":[{"count":1,"href":"https:\/\/www.fuldaernachrichten.de\/index.php?rest_route=\/wp\/v2\/posts\/162844\/revisions"}],"predecessor-version":[{"id":162855,"href":"https:\/\/www.fuldaernachrichten.de\/index.php?rest_route=\/wp\/v2\/posts\/162844\/revisions\/162855"}],"wp:featuredmedia":[{"embeddable":true,"href":"https:\/\/www.fuldaernachrichten.de\/index.php?rest_route=\/wp\/v2\/media\/162854"}],"wp:attachment":[{"href":"https:\/\/www.fuldaernachrichten.de\/index.php?rest_route=%2Fwp%2Fv2%2Fmedia&parent=162844"}],"wp:term":[{"taxonomy":"category","embeddable":true,"href":"https:\/\/www.fuldaernachrichten.de\/index.php?rest_route=%2Fwp%2Fv2%2Fcategories&post=162844"},{"taxonomy":"post_tag","embeddable":true,"href":"https:\/\/www.fuldaernachrichten.de\/index.php?rest_route=%2Fwp%2Fv2%2Ftags&post=162844"}],"curies":[{"name":"wp","href":"https:\/\/api.w.org\/{rel}","templated":true}]}}