{"id":162833,"date":"2017-05-08T08:58:11","date_gmt":"2017-05-08T06:58:11","guid":{"rendered":"http:\/\/www.fuldaer-nachrichten.de\/?p=162833"},"modified":"2017-05-08T08:58:41","modified_gmt":"2017-05-08T06:58:41","slug":"schlossgartenkonzert-mit-den-spielleute-am-sonntag-den-14-mai-2017","status":"publish","type":"post","link":"https:\/\/www.fuldaernachrichten.de\/?p=162833","title":{"rendered":"Schlossgartenkonzert mit den Spielleute am Sonntag, den 14. Mai 2017"},"content":{"rendered":"<p>Die Spielleute &#8211; ein farbenfrohes 12-k\u00f6pfiges Ensemble bestehend aus Streichern, Bl\u00e4sern, einer Harfenistin, zwei S\u00e4ngern und zwei Trommlern, geben  am 14. Mai 2017, ab 11.00 Uhr, auf der Floratreppe vor der Orangerie, ein ca. einst\u00fcndigen Konzert im Rahmen der Reihe der Schlossgartenkonzerte.<br \/>\nIhre Musik aus Mittelalter und Renaissance hat ihren ganz eigenen Zauber. Sie umfasst tragische Balladen, fr\u00f6hliche Tanzmusik genauso wie feierliche Gartenmusik.  <\/p>\n<p>Es erklingen h\u00f6fische Gaillarden und Pavanen ebenso wie irische Weisen und b\u00e4uerliche Springt\u00e4nze \u2013 f\u00fcr Musikgenie\u00dfer bestens geeignet zum Lustwandeln im herrlichen Schlossgarten zu Fulda. <\/p>\n","protected":false},"excerpt":{"rendered":"<div class=\"tmnf_excerpt\"><p>Die Spielleute &#8211; ein farbenfrohes 12-k\u00f6pfiges Ensemble bestehend aus Streichern, Bl\u00e4sern, einer Harfenistin, zwei S\u00e4ngern und zwei Trommlern, geben am 14. Mai 2017, ab 11.00 Uhr, auf der Floratreppe vor der Orangerie, ein ca. einst\u00fcndigen Konzert im Rahmen der Reihe der Schlossgartenkonzerte. Ihre Musik aus Mittelalter und Renaissance hat ihren ganz eigenen Zauber. Sie umfasst &hellip;<\/p>\n<\/div>","protected":false},"author":1,"featured_media":162851,"comment_status":"closed","ping_status":"closed","sticky":false,"template":"","format":"standard","meta":{"footnotes":""},"categories":[1],"tags":[],"class_list":["post-162833","post","type-post","status-publish","format-standard","has-post-thumbnail","hentry","category-startseite"],"_links":{"self":[{"href":"https:\/\/www.fuldaernachrichten.de\/index.php?rest_route=\/wp\/v2\/posts\/162833","targetHints":{"allow":["GET"]}}],"collection":[{"href":"https:\/\/www.fuldaernachrichten.de\/index.php?rest_route=\/wp\/v2\/posts"}],"about":[{"href":"https:\/\/www.fuldaernachrichten.de\/index.php?rest_route=\/wp\/v2\/types\/post"}],"author":[{"embeddable":true,"href":"https:\/\/www.fuldaernachrichten.de\/index.php?rest_route=\/wp\/v2\/users\/1"}],"replies":[{"embeddable":true,"href":"https:\/\/www.fuldaernachrichten.de\/index.php?rest_route=%2Fwp%2Fv2%2Fcomments&post=162833"}],"version-history":[{"count":1,"href":"https:\/\/www.fuldaernachrichten.de\/index.php?rest_route=\/wp\/v2\/posts\/162833\/revisions"}],"predecessor-version":[{"id":162850,"href":"https:\/\/www.fuldaernachrichten.de\/index.php?rest_route=\/wp\/v2\/posts\/162833\/revisions\/162850"}],"wp:featuredmedia":[{"embeddable":true,"href":"https:\/\/www.fuldaernachrichten.de\/index.php?rest_route=\/wp\/v2\/media\/162851"}],"wp:attachment":[{"href":"https:\/\/www.fuldaernachrichten.de\/index.php?rest_route=%2Fwp%2Fv2%2Fmedia&parent=162833"}],"wp:term":[{"taxonomy":"category","embeddable":true,"href":"https:\/\/www.fuldaernachrichten.de\/index.php?rest_route=%2Fwp%2Fv2%2Fcategories&post=162833"},{"taxonomy":"post_tag","embeddable":true,"href":"https:\/\/www.fuldaernachrichten.de\/index.php?rest_route=%2Fwp%2Fv2%2Ftags&post=162833"}],"curies":[{"name":"wp","href":"https:\/\/api.w.org\/{rel}","templated":true}]}}