{"id":162819,"date":"2017-05-08T08:52:40","date_gmt":"2017-05-08T06:52:40","guid":{"rendered":"http:\/\/www.fuldaer-nachrichten.de\/?p=162819"},"modified":"2017-05-08T08:52:40","modified_gmt":"2017-05-08T06:52:40","slug":"5-mai-europaeischer-protesttag-zur-gleichstellung-von-menschen-mit-behinderung","status":"publish","type":"post","link":"https:\/\/www.fuldaernachrichten.de\/?p=162819","title":{"rendered":"5. Mai &#8211; Europ\u00e4ischer Protesttag zur Gleichstellung von Menschen mit Behinderung"},"content":{"rendered":"<p>Mit einer sportlichen Aktion wollte die Interessengemeinschaft barrierefreies Fulda am 5. Mai auf den Europ\u00e4ischen Protesttag zur Gleichstellung von Menschen mit Behinderung aufmerksam machen, und mit B\u00fcrgern \u00fcber die Belange der Menschen mit Behinderung und ihre Sorgen und N\u00f6te ins Gespr\u00e4ch kommen. Hierzu wurde auf dem Universit\u00e4tsplatz der Stadt Fulda ein kleines Basketballfeld markiert und ein Baskelballkorb aufgebaut. In speziellen Basketballrollst\u00fchlen sollten Passanten, die zuf\u00e4llig vorbei kamen, gemeinsam mit den Rollstuhlsportlern der Inklusiven Sportgruppe Basketball spielen. Schon kurz nach dem Aufbau waren alle Rollst\u00fchle von Interessierten belegt und die Spieler der Sportgruppe waren f\u00fcr drei Stundennur noch Zuschauer. So kam man schnell untereinander \u00fcber Inklusion und Barrierefreiheit ins Gespr\u00e4ch. Viele B\u00fcrger konnten durch die pers\u00f6nlichen Gespr\u00e4che sensibilisiert werden, und nutzen auch die Gelegenheit sich bei dem 1. Vorsitzenden des Vereins und Vorsitzenden des Behindertenbeirates der Stadt Fulda, Hanns-Uwe Theele \u00fcber die mangelnde Barrierefreiheit in der Stadt Luft zu machen. <\/p>\n<p>\u201eDas war eine sehr erfolgreiche Aktion. Ich habe nicht mit einer solch positiven Resonanz gerechnet\u201c, sagte Hanns-Uwe Theele am Ende der Aktion.<\/p>\n","protected":false},"excerpt":{"rendered":"<div class=\"tmnf_excerpt\"><p>Mit einer sportlichen Aktion wollte die Interessengemeinschaft barrierefreies Fulda am 5. Mai auf den Europ\u00e4ischen Protesttag zur Gleichstellung von Menschen mit Behinderung aufmerksam machen, und mit B\u00fcrgern \u00fcber die Belange der Menschen mit Behinderung und ihre Sorgen und N\u00f6te ins Gespr\u00e4ch kommen. Hierzu wurde auf dem Universit\u00e4tsplatz der Stadt Fulda ein kleines Basketballfeld markiert und &hellip;<\/p>\n<\/div>","protected":false},"author":1,"featured_media":162831,"comment_status":"closed","ping_status":"closed","sticky":false,"template":"","format":"standard","meta":{"footnotes":""},"categories":[1],"tags":[],"class_list":["post-162819","post","type-post","status-publish","format-standard","has-post-thumbnail","hentry","category-startseite"],"_links":{"self":[{"href":"https:\/\/www.fuldaernachrichten.de\/index.php?rest_route=\/wp\/v2\/posts\/162819","targetHints":{"allow":["GET"]}}],"collection":[{"href":"https:\/\/www.fuldaernachrichten.de\/index.php?rest_route=\/wp\/v2\/posts"}],"about":[{"href":"https:\/\/www.fuldaernachrichten.de\/index.php?rest_route=\/wp\/v2\/types\/post"}],"author":[{"embeddable":true,"href":"https:\/\/www.fuldaernachrichten.de\/index.php?rest_route=\/wp\/v2\/users\/1"}],"replies":[{"embeddable":true,"href":"https:\/\/www.fuldaernachrichten.de\/index.php?rest_route=%2Fwp%2Fv2%2Fcomments&post=162819"}],"version-history":[{"count":1,"href":"https:\/\/www.fuldaernachrichten.de\/index.php?rest_route=\/wp\/v2\/posts\/162819\/revisions"}],"predecessor-version":[{"id":162832,"href":"https:\/\/www.fuldaernachrichten.de\/index.php?rest_route=\/wp\/v2\/posts\/162819\/revisions\/162832"}],"wp:featuredmedia":[{"embeddable":true,"href":"https:\/\/www.fuldaernachrichten.de\/index.php?rest_route=\/wp\/v2\/media\/162831"}],"wp:attachment":[{"href":"https:\/\/www.fuldaernachrichten.de\/index.php?rest_route=%2Fwp%2Fv2%2Fmedia&parent=162819"}],"wp:term":[{"taxonomy":"category","embeddable":true,"href":"https:\/\/www.fuldaernachrichten.de\/index.php?rest_route=%2Fwp%2Fv2%2Fcategories&post=162819"},{"taxonomy":"post_tag","embeddable":true,"href":"https:\/\/www.fuldaernachrichten.de\/index.php?rest_route=%2Fwp%2Fv2%2Ftags&post=162819"}],"curies":[{"name":"wp","href":"https:\/\/api.w.org\/{rel}","templated":true}]}}