{"id":162816,"date":"2017-05-08T08:51:30","date_gmt":"2017-05-08T06:51:30","guid":{"rendered":"http:\/\/www.fuldaer-nachrichten.de\/?p=162816"},"modified":"2017-05-08T08:51:30","modified_gmt":"2017-05-08T06:51:30","slug":"mut-erwaechst-aus-der-vertrautheit-mit-dem-herrn-weihbischof-diez-weihte-vier-diakone","status":"publish","type":"post","link":"https:\/\/www.fuldaernachrichten.de\/?p=162816","title":{"rendered":"\u201eMut erw\u00e4chst aus der Vertrautheit mit dem Herrn\u201c Weihbischof Diez weihte vier Diakone"},"content":{"rendered":"<p>\u201eDer Mut, im Leben etwas zu unternehmen, erw\u00e4chst uns aus der zunehmenden Vertrautheit mit einer Sache oder mit Personen\u201c, unterstrich der Fuldaer Weihbischof Prof. Dr. Karlheinz Diez am Samstag im vollbesetzten Fuldaer Dom. \u201eF\u00fcr ein gl\u00e4ubiges Leben, f\u00fcr ein diakonales und priesterliches Leben erw\u00e4chst der Mut aus dieser Vertrautheit, aus der Freundschaft mit dem Herrn.\u201c Im Rahmen eines feierlichen Gottesdienstes spendete der Weihbischof einem Priesteramtskandidaten und drei Bewerbern f\u00fcr den St\u00e4ndigen Diakonat die Diakonenweihe. Zu Diakonen geweiht wurden Andr\u00e9 Lemmer aus der Pfarrei St. Hubertus in Mardorf und, im Hinblick auf den St\u00e4ndigen Diakonat, Wojciech Gofryk aus der Pfarrei St. Georg in Gro\u00dfenl\u00fcder, Dr. Stefan Ohnesorge aus der Pfarrei St. Georg und St. Nikolaus in Limburg und Ewald Vogel aus der Pfarrei St. Simon und Judas in Hosenfeld-Blankenau.<\/p>\n<p>Der Weihbischof zitierte den seligen Kardinal John Henry Newman: \u201eDarin liegen der Adel und die Sch\u00f6nheit des Glaubens, dass wir das Herz haben, etwas zu wagen.\u201c Es gebe im Leben notwendige Zeiten der Kl\u00e4rung und der Reifung, aber auch eine Zeit zur Entscheidung und Tat. Auch Fehler d\u00fcrfe es geben, denn aus diesen werde man klug. Die W\u00fcrde des Menschen gr\u00fcndet laut Diez darin, von Gott von Anfang an erw\u00e4hlt zu sein. \u201eDiese W\u00fcrde des Erw\u00e4hltseins wird noch tiefer begr\u00fcndet und endg\u00fcltig besiegelt durch die Erl\u00f6sung in Jesus Christus.\u201c Die gro\u00dfen Glaubenden der Bibel seien dadurch bef\u00e4higt worden, ungeahnte Taten zu vollbringen, da sie sich von Gott geliebt und geleitet f\u00fchlten. Das Wissen um die zu jeder Zeit konkrete Gegenwart Gottes habe ihnen Mut und Vertrauen gegeben. \u201eDer Weg, der zu gehen ist, besteht nicht fertig vor, er entsteht vielmehr im Gehen, ist ein Gehen in der Verhei\u00dfung Gottes\u201c, betonte Weihbischof Diez. \u201eGott unterdr\u00fcckt nicht, entgegen dem Dauervorwurf der neuzeitlichen Freiheitsgeschichte, die Freiheit des Menschen, sondern erm\u00f6glicht sie.\u201c<\/p>\n<p>Den Anruf Gottes h\u00e4tten auch die Kandidaten gesp\u00fcrt, wenn auch mit Sorge, mehr noch mit freudiger Erwartung und dem Vertrauen, das Gott in jeden Ruf hineinlege. \u201eIhr seid von Gott Gesandte, nicht willenlose Werkzeuge in der Hand Gottes \u2013 Ihr bringt Euch in Eurer Unterschiedlichkeit in die Heilspl\u00e4ne Gottes mit den Menschen ein\u201c, sagte Diez zu den angehenden Diakonen. In Jesus Christus rufe Gott Menschen heraus und gehe mit ihnen. \u201eWeil Gott mitgeht, d\u00fcrfen sie das Gehen wagen!\u201c Zu Beginn des feierlichen Gottesdienstes hatte der Weihbischof die Kandidaten und ihre Ehefrauen und Familien sowie die Heimatpfarrer und Geistlichen besonders willkommen gehei\u00dfen zum \u201efreudigen Anlass einer Diakonenweihe\u201c.<\/p>\n<p>Am Anfang seiner Predigt hatte sich Diez seiner eigenen Diakonenweihe vor 40 Jahren im Rom und seiner \u201efreudigen und gespannten Erwartung\u201c erinnert. Der damalige Leiter des Germanicums, Jesuitenpater Georg M\u00fchlenbrock, habe gerne das gefl\u00fcgelte Wort gebraucht: \u201eTu in deinem Leben immer etwas, wovor du ein bisschen Angst hast.\u201c \u00c4ngstliche Gef\u00fchle geh\u00f6rten zur \u201egesch\u00f6pflichen Angewiesenheit\u201c, auch da, wo ein gl\u00e4ubiges Vertrauen das Lebensgef\u00fchl bestimme. Sie seien auch Anreiz zum Tun, zum Vorw\u00e4rtskommen. Manchmal seien es auch Anst\u00f6\u00dfe und Ermutigungen anderer Menschen, die aus dem eigenen Z\u00f6gern heraush\u00fclfen, Mut machten und die Hand zum Sprung reichten. \u201eUnd in der Tat: wir k\u00f6nnen es, k\u00f6nnen mehr, als wir, auf uns allein gestellt, uns zutrauen w\u00fcrden.\u201c Etwas zu tun, wovor man ein wenig Angst habe, bringe einen voran. \u201eEs hat auch mich vorangebracht\u201c, betonte der Weihbischof.<\/p>\n","protected":false},"excerpt":{"rendered":"<div class=\"tmnf_excerpt\"><p>\u201eDer Mut, im Leben etwas zu unternehmen, erw\u00e4chst uns aus der zunehmenden Vertrautheit mit einer Sache oder mit Personen\u201c, unterstrich der Fuldaer Weihbischof Prof. Dr. Karlheinz Diez am Samstag im vollbesetzten Fuldaer Dom. \u201eF\u00fcr ein gl\u00e4ubiges Leben, f\u00fcr ein diakonales und priesterliches Leben erw\u00e4chst der Mut aus dieser Vertrautheit, aus der Freundschaft mit dem Herrn.\u201c &hellip;<\/p>\n<\/div>","protected":false},"author":1,"featured_media":0,"comment_status":"closed","ping_status":"closed","sticky":false,"template":"","format":"standard","meta":{"footnotes":""},"categories":[1],"tags":[],"class_list":["post-162816","post","type-post","status-publish","format-standard","hentry","category-startseite"],"_links":{"self":[{"href":"https:\/\/www.fuldaernachrichten.de\/index.php?rest_route=\/wp\/v2\/posts\/162816","targetHints":{"allow":["GET"]}}],"collection":[{"href":"https:\/\/www.fuldaernachrichten.de\/index.php?rest_route=\/wp\/v2\/posts"}],"about":[{"href":"https:\/\/www.fuldaernachrichten.de\/index.php?rest_route=\/wp\/v2\/types\/post"}],"author":[{"embeddable":true,"href":"https:\/\/www.fuldaernachrichten.de\/index.php?rest_route=\/wp\/v2\/users\/1"}],"replies":[{"embeddable":true,"href":"https:\/\/www.fuldaernachrichten.de\/index.php?rest_route=%2Fwp%2Fv2%2Fcomments&post=162816"}],"version-history":[{"count":1,"href":"https:\/\/www.fuldaernachrichten.de\/index.php?rest_route=\/wp\/v2\/posts\/162816\/revisions"}],"predecessor-version":[{"id":162827,"href":"https:\/\/www.fuldaernachrichten.de\/index.php?rest_route=\/wp\/v2\/posts\/162816\/revisions\/162827"}],"wp:attachment":[{"href":"https:\/\/www.fuldaernachrichten.de\/index.php?rest_route=%2Fwp%2Fv2%2Fmedia&parent=162816"}],"wp:term":[{"taxonomy":"category","embeddable":true,"href":"https:\/\/www.fuldaernachrichten.de\/index.php?rest_route=%2Fwp%2Fv2%2Fcategories&post=162816"},{"taxonomy":"post_tag","embeddable":true,"href":"https:\/\/www.fuldaernachrichten.de\/index.php?rest_route=%2Fwp%2Fv2%2Ftags&post=162816"}],"curies":[{"name":"wp","href":"https:\/\/api.w.org\/{rel}","templated":true}]}}