{"id":162814,"date":"2017-05-08T08:50:51","date_gmt":"2017-05-08T06:50:51","guid":{"rendered":"http:\/\/www.fuldaer-nachrichten.de\/?p=162814"},"modified":"2017-05-08T08:50:51","modified_gmt":"2017-05-08T06:50:51","slug":"bei-freiwilligen-praktika-in-den-sommerferien-neue-berufliche-moeglichkeiten-entdecken","status":"publish","type":"post","link":"https:\/\/www.fuldaernachrichten.de\/?p=162814","title":{"rendered":"Bei freiwilligen Praktika in den Sommerferien neue berufliche M\u00f6glichkeiten entdecken"},"content":{"rendered":"<p>Der Handwerkersommer ist eine Initiative der Wirtschaftsf\u00f6rderung des Landkreises Fulda, des Regionalforums Fulda S\u00fcdwest und des Vereins Natur- und Lebensraum Rh\u00f6n mit Unterst\u00fctzung der Kreishandwerkerschaft. Schulabg\u00e4nger sollen mit potenziellen Ausbildungsbetrieben und Arbeitgebern zusammengebracht und ihnen auf diese Weise Alternativen zu kaufm\u00e4nnischen Ausbildungen oder zum Studium aufgezeigt werden.<\/p>\n<p>Die Schirmherrschaft f\u00fcr den Handwerkersommer hat in diesem Jahr Landrat Bernd Woide \u00fcbernommen. Gemeinsam mit Kreishandwerksmeister Claus Gerhardt besuchte er auf der trend-messe Mitte M\u00e4rz in Fulda den Stand des Handwerkersommers, um sich \u00fcber die M\u00f6glichkeiten zur Berufsorientierung im Handwerk durch freiwillige Ferienpraktika zu informieren. Obwohl die Berufsaussichten und Arbeitsbedingungen in Handwerksberufen besser denn je sind, hat das Handwerk aufgrund des demographischen, wirtschaftlichen und letztendlich auch technologischen Wandels sowie des Berufswahlverhaltens der Schulabg\u00e4nger mit einem Mangel an qualifizierten Nachwuchskr\u00e4ften zu k\u00e4mpfen. Mit freiwilligen Praktika in den Sommerferien k\u00f6nnen Jugendliche ab dem 14. Lebensjahr einen Einblick in die Arbeit von \u00fcber 100 renommierten Handwerksbetrieben im Landkreis Fulda erhalten und bekommen so die M\u00f6glichkeit, ihre F\u00e4higkeiten zu erproben und neue Talente zu entdecken. Alle Informationen zum Handwerkersommer 2017 und Praktikumspl\u00e4tze auch unter www.handwerkersommer.de.<\/p>\n","protected":false},"excerpt":{"rendered":"<div class=\"tmnf_excerpt\"><p>Der Handwerkersommer ist eine Initiative der Wirtschaftsf\u00f6rderung des Landkreises Fulda, des Regionalforums Fulda S\u00fcdwest und des Vereins Natur- und Lebensraum Rh\u00f6n mit Unterst\u00fctzung der Kreishandwerkerschaft. Schulabg\u00e4nger sollen mit potenziellen Ausbildungsbetrieben und Arbeitgebern zusammengebracht und ihnen auf diese Weise Alternativen zu kaufm\u00e4nnischen Ausbildungen oder zum Studium aufgezeigt werden. Die Schirmherrschaft f\u00fcr den Handwerkersommer hat in diesem &hellip;<\/p>\n<\/div>","protected":false},"author":1,"featured_media":162822,"comment_status":"closed","ping_status":"closed","sticky":false,"template":"","format":"standard","meta":{"footnotes":""},"categories":[1],"tags":[],"class_list":["post-162814","post","type-post","status-publish","format-standard","has-post-thumbnail","hentry","category-startseite"],"_links":{"self":[{"href":"https:\/\/www.fuldaernachrichten.de\/index.php?rest_route=\/wp\/v2\/posts\/162814","targetHints":{"allow":["GET"]}}],"collection":[{"href":"https:\/\/www.fuldaernachrichten.de\/index.php?rest_route=\/wp\/v2\/posts"}],"about":[{"href":"https:\/\/www.fuldaernachrichten.de\/index.php?rest_route=\/wp\/v2\/types\/post"}],"author":[{"embeddable":true,"href":"https:\/\/www.fuldaernachrichten.de\/index.php?rest_route=\/wp\/v2\/users\/1"}],"replies":[{"embeddable":true,"href":"https:\/\/www.fuldaernachrichten.de\/index.php?rest_route=%2Fwp%2Fv2%2Fcomments&post=162814"}],"version-history":[{"count":1,"href":"https:\/\/www.fuldaernachrichten.de\/index.php?rest_route=\/wp\/v2\/posts\/162814\/revisions"}],"predecessor-version":[{"id":162823,"href":"https:\/\/www.fuldaernachrichten.de\/index.php?rest_route=\/wp\/v2\/posts\/162814\/revisions\/162823"}],"wp:featuredmedia":[{"embeddable":true,"href":"https:\/\/www.fuldaernachrichten.de\/index.php?rest_route=\/wp\/v2\/media\/162822"}],"wp:attachment":[{"href":"https:\/\/www.fuldaernachrichten.de\/index.php?rest_route=%2Fwp%2Fv2%2Fmedia&parent=162814"}],"wp:term":[{"taxonomy":"category","embeddable":true,"href":"https:\/\/www.fuldaernachrichten.de\/index.php?rest_route=%2Fwp%2Fv2%2Fcategories&post=162814"},{"taxonomy":"post_tag","embeddable":true,"href":"https:\/\/www.fuldaernachrichten.de\/index.php?rest_route=%2Fwp%2Fv2%2Ftags&post=162814"}],"curies":[{"name":"wp","href":"https:\/\/api.w.org\/{rel}","templated":true}]}}