{"id":1628,"date":"2007-02-11T01:36:45","date_gmt":"2007-02-11T00:36:45","guid":{"rendered":"http:\/\/www.schoene-nachrichten.de\/?p=1628"},"modified":"2007-02-11T01:41:59","modified_gmt":"2007-02-11T00:41:59","slug":"heute-ausstellung-blueten-a-la-carteim-kleinen-deko-haus","status":"publish","type":"post","link":"https:\/\/www.fuldaernachrichten.de\/?p=1628","title":{"rendered":"Heute: Ausstellung &#8220;Bl\u00fcten \u00c3\u00a0 la carte&#8221; im Kleinen Deko-Haus"},"content":{"rendered":"<p><strong>Sch\u00f6nes aus Petersberg.<\/strong> Erstkommunion, Hochzeit, Geburtstag, Einweihung, Familienfeier, Jubil\u00e4um &#8211; das alles sind feierliche Anl\u00e4sse, bei denen ein dekorativer Tischschmuck nicht fehlen darf. Das \u201eKleine Deko-Haus\u201c zeigt heute von 10.00 bis 17.00 Uhr\u00c2\u00a0in der Ausstellung &#8220;Bl\u00fcten \u00c3\u00a0 la carte&#8221;\u00c2\u00a0die vielf\u00e4ltigen M\u00f6glichkeiten, einer Tafel den richtigen Rahmen zu verleihen.<\/p>\n<p><strong>Fotos (18):<\/strong> Alexander Mengel<\/p>\n<p><strong><a target=\"_blank\" href=\"http:\/\/www.schoene-nachrichten.de\/wp-content\/uploads\/2007\/02\/070211_deko_18.jpg\" title=\"Fotos (18): Alexander Mengel\"><img decoding=\"async\" src=\"http:\/\/www.schoene-nachrichten.de\/wp-content\/uploads\/2007\/02\/070211_deko_18.thumbnail.jpg\" alt=\"070211_deko_18.jpg\" \/><\/a>\u00c2\u00a0<a target=\"_blank\" href=\"http:\/\/www.schoene-nachrichten.de\/wp-content\/uploads\/2007\/02\/070211_deko_17.jpg\" title=\"Fotos (18): Alexander Mengel\"><img decoding=\"async\" src=\"http:\/\/www.schoene-nachrichten.de\/wp-content\/uploads\/2007\/02\/070211_deko_17.thumbnail.jpg\" alt=\"070211_deko_17.jpg\" \/><\/a>\u00c2\u00a0<a target=\"_blank\" href=\"http:\/\/www.schoene-nachrichten.de\/wp-content\/uploads\/2007\/02\/070211_deko_16.jpg\" title=\"Fotos (18): Alexander Mengel\"><img decoding=\"async\" src=\"http:\/\/www.schoene-nachrichten.de\/wp-content\/uploads\/2007\/02\/070211_deko_16.thumbnail.jpg\" alt=\"070211_deko_16.jpg\" \/><\/a><\/strong><\/p>\n<p><strong><a target=\"_blank\" href=\"http:\/\/www.schoene-nachrichten.de\/wp-content\/uploads\/2007\/02\/070211_deko_15.jpg\" title=\"Fotos (18): Alexander Mengel\"><img decoding=\"async\" src=\"http:\/\/www.schoene-nachrichten.de\/wp-content\/uploads\/2007\/02\/070211_deko_15.thumbnail.jpg\" alt=\"070211_deko_15.jpg\" \/><\/a>\u00c2\u00a0<a target=\"_blank\" href=\"http:\/\/www.schoene-nachrichten.de\/wp-content\/uploads\/2007\/02\/070211_deko_14.jpg\" title=\"Fotos (18): Alexander Mengel\"><img decoding=\"async\" src=\"http:\/\/www.schoene-nachrichten.de\/wp-content\/uploads\/2007\/02\/070211_deko_14.thumbnail.jpg\" alt=\"070211_deko_14.jpg\" \/><\/a>\u00c2\u00a0<a target=\"_blank\" href=\"http:\/\/www.schoene-nachrichten.de\/wp-content\/uploads\/2007\/02\/070211_deko_13.jpg\" title=\"Fotos (18): Alexander Mengel\"><img decoding=\"async\" src=\"http:\/\/www.schoene-nachrichten.de\/wp-content\/uploads\/2007\/02\/070211_deko_13.thumbnail.jpg\" alt=\"070211_deko_13.jpg\" \/><\/a><\/strong><\/p>\n<p><!--more--><strong><a target=\"_blank\" href=\"http:\/\/www.schoene-nachrichten.de\/wp-content\/uploads\/2007\/02\/070211_deko_12.jpg\" title=\"Fotos (18): Alexander Mengel\"><img decoding=\"async\" src=\"http:\/\/www.schoene-nachrichten.de\/wp-content\/uploads\/2007\/02\/070211_deko_12.thumbnail.jpg\" alt=\"070211_deko_12.jpg\" \/><\/a>\u00c2\u00a0<a target=\"_blank\" href=\"http:\/\/www.schoene-nachrichten.de\/wp-content\/uploads\/2007\/02\/070211_deko_11.jpg\" title=\"Fotos (18): Alexander Mengel\"><img decoding=\"async\" src=\"http:\/\/www.schoene-nachrichten.de\/wp-content\/uploads\/2007\/02\/070211_deko_11.thumbnail.jpg\" alt=\"070211_deko_11.jpg\" \/><\/a>\u00c2\u00a0<a target=\"_blank\" href=\"http:\/\/www.schoene-nachrichten.de\/wp-content\/uploads\/2007\/02\/070211_deko_10.jpg\" title=\"Fotos (18): Alexander Mengel\"><img decoding=\"async\" src=\"http:\/\/www.schoene-nachrichten.de\/wp-content\/uploads\/2007\/02\/070211_deko_10.thumbnail.jpg\" alt=\"070211_deko_10.jpg\" \/><\/a><\/strong><\/p>\n<p><strong><a target=\"_blank\" href=\"http:\/\/www.schoene-nachrichten.de\/wp-content\/uploads\/2007\/02\/070211_deko_09.jpg\" title=\"Fotos (18): Alexander Mengel\"><img decoding=\"async\" src=\"http:\/\/www.schoene-nachrichten.de\/wp-content\/uploads\/2007\/02\/070211_deko_09.thumbnail.jpg\" alt=\"070211_deko_09.jpg\" \/><\/a>\u00c2\u00a0<a target=\"_blank\" href=\"http:\/\/www.schoene-nachrichten.de\/wp-content\/uploads\/2007\/02\/070211_deko_08.jpg\" title=\"Fotos (18): Alexander Mengel\"><img decoding=\"async\" src=\"http:\/\/www.schoene-nachrichten.de\/wp-content\/uploads\/2007\/02\/070211_deko_08.thumbnail.jpg\" alt=\"070211_deko_08.jpg\" \/><\/a>\u00c2\u00a0<a target=\"_blank\" href=\"http:\/\/www.schoene-nachrichten.de\/wp-content\/uploads\/2007\/02\/070211_deko_07.jpg\" title=\"Fotos (18): Alexander Mengel\"><img decoding=\"async\" src=\"http:\/\/www.schoene-nachrichten.de\/wp-content\/uploads\/2007\/02\/070211_deko_07.thumbnail.jpg\" alt=\"070211_deko_07.jpg\" \/><\/a><\/strong><\/p>\n<p>Neben individueller Beratung und der Ausf\u00fchrung von Komplettarrangements, steht Dekorationsbedarf auch zum Verleih zur Verf\u00fcgung. Au\u00dferdem bietet das Deko-Haus in der Lehnerzer Stra\u00dfe 4 in Petersberg-St\u00f6ckels Hochzeitsfloristik (Brautstrau\u00df, Autoschmuck), dekorative Geschenkideen sowie floralen Trauerschmuck.<\/p>\n<p><strong><a target=\"_blank\" href=\"http:\/\/www.schoene-nachrichten.de\/wp-content\/uploads\/2007\/02\/070211_deko_06.jpg\" title=\"Fotos (18): Alexander Mengel\"><img decoding=\"async\" src=\"http:\/\/www.schoene-nachrichten.de\/wp-content\/uploads\/2007\/02\/070211_deko_06.thumbnail.jpg\" alt=\"070211_deko_06.jpg\" \/><\/a>\u00c2\u00a0<a target=\"_blank\" href=\"http:\/\/www.schoene-nachrichten.de\/wp-content\/uploads\/2007\/02\/070211_deko_05.jpg\" title=\"Fotos (18): Alexander Mengel\"><img decoding=\"async\" src=\"http:\/\/www.schoene-nachrichten.de\/wp-content\/uploads\/2007\/02\/070211_deko_05.thumbnail.jpg\" alt=\"070211_deko_05.jpg\" \/><\/a>\u00c2\u00a0<a target=\"_blank\" href=\"http:\/\/www.schoene-nachrichten.de\/wp-content\/uploads\/2007\/02\/070211_deko_04.jpg\" title=\"Fotos (18): Alexander Mengel\"><img decoding=\"async\" src=\"http:\/\/www.schoene-nachrichten.de\/wp-content\/uploads\/2007\/02\/070211_deko_04.thumbnail.jpg\" alt=\"070211_deko_04.jpg\" \/><\/a><\/strong><\/p>\n<p><strong><a target=\"_blank\" href=\"http:\/\/www.schoene-nachrichten.de\/wp-content\/uploads\/2007\/02\/070211_deko_03.jpg\" title=\"Fotos (18): Alexander Mengel\"><img decoding=\"async\" src=\"http:\/\/www.schoene-nachrichten.de\/wp-content\/uploads\/2007\/02\/070211_deko_03.thumbnail.jpg\" alt=\"070211_deko_03.jpg\" \/><\/a>\u00c2\u00a0<a target=\"_blank\" href=\"http:\/\/www.schoene-nachrichten.de\/wp-content\/uploads\/2007\/02\/070211_deko_02.jpg\" title=\"Fotos (18): Alexander Mengel\"><img decoding=\"async\" src=\"http:\/\/www.schoene-nachrichten.de\/wp-content\/uploads\/2007\/02\/070211_deko_02.thumbnail.jpg\" alt=\"070211_deko_02.jpg\" \/><\/a>\u00c2\u00a0<a target=\"_blank\" href=\"http:\/\/www.schoene-nachrichten.de\/wp-content\/uploads\/2007\/02\/070211_deko_01.jpg\" title=\"Fotos (18): Alexander Mengel\"><img decoding=\"async\" src=\"http:\/\/www.schoene-nachrichten.de\/wp-content\/uploads\/2007\/02\/070211_deko_01.thumbnail.jpg\" alt=\"070211_deko_01.jpg\" \/><\/a><\/strong><\/p>\n<p>Das \u201eKleine Deko-Haus\u201c hat an folgenden Tagen ge\u00f6ffnet:<\/p>\n<p>Dienstag, \u00c2\u00a016 \u2013 19 Uhr<br \/>\nDonnerstag, \u00c2\u00a014 \u2013 19 Uhr<br \/>\nFreitag, \u00c2\u00a014 \u2013 19 Uhr<br \/>\nSamstag, \u00c2\u00a010 \u2013 13 Uhr<\/p>\n<p>und ist zu erreichen unter der Telefonnummer 0661-8620781 oder <a target=\"_blank\" href=\"http:\/\/www.deko-haus.de\">www.deko-haus.de<\/a>\u00c2\u00a0.<\/p>\n","protected":false},"excerpt":{"rendered":"<div class=\"tmnf_excerpt\"><p>Sch\u00f6nes aus Petersberg. Erstkommunion, Hochzeit, Geburtstag, Einweihung, Familienfeier, Jubil\u00e4um &#8211; das alles sind feierliche Anl\u00e4sse, bei denen ein dekorativer Tischschmuck nicht fehlen darf. Das \u201eKleine Deko-Haus\u201c zeigt heute von 10.00 bis 17.00 Uhr\u00c2\u00a0in der Ausstellung &#8220;Bl\u00fcten \u00c3\u00a0 la carte&#8221;\u00c2\u00a0die vielf\u00e4ltigen M\u00f6glichkeiten, einer Tafel den richtigen Rahmen zu verleihen. Fotos (18): Alexander Mengel \u00c2\u00a0\u00c2\u00a0 \u00c2\u00a0\u00c2\u00a0<\/p>\n<\/div>","protected":false},"author":1,"featured_media":0,"comment_status":"closed","ping_status":"closed","sticky":false,"template":"","format":"standard","meta":{"footnotes":""},"categories":[1,54],"tags":[],"class_list":["post-1628","post","type-post","status-publish","format-standard","hentry","category-startseite","category-bildergalerien"],"_links":{"self":[{"href":"https:\/\/www.fuldaernachrichten.de\/index.php?rest_route=\/wp\/v2\/posts\/1628","targetHints":{"allow":["GET"]}}],"collection":[{"href":"https:\/\/www.fuldaernachrichten.de\/index.php?rest_route=\/wp\/v2\/posts"}],"about":[{"href":"https:\/\/www.fuldaernachrichten.de\/index.php?rest_route=\/wp\/v2\/types\/post"}],"author":[{"embeddable":true,"href":"https:\/\/www.fuldaernachrichten.de\/index.php?rest_route=\/wp\/v2\/users\/1"}],"replies":[{"embeddable":true,"href":"https:\/\/www.fuldaernachrichten.de\/index.php?rest_route=%2Fwp%2Fv2%2Fcomments&post=1628"}],"version-history":[{"count":0,"href":"https:\/\/www.fuldaernachrichten.de\/index.php?rest_route=\/wp\/v2\/posts\/1628\/revisions"}],"wp:attachment":[{"href":"https:\/\/www.fuldaernachrichten.de\/index.php?rest_route=%2Fwp%2Fv2%2Fmedia&parent=1628"}],"wp:term":[{"taxonomy":"category","embeddable":true,"href":"https:\/\/www.fuldaernachrichten.de\/index.php?rest_route=%2Fwp%2Fv2%2Fcategories&post=1628"},{"taxonomy":"post_tag","embeddable":true,"href":"https:\/\/www.fuldaernachrichten.de\/index.php?rest_route=%2Fwp%2Fv2%2Ftags&post=1628"}],"curies":[{"name":"wp","href":"https:\/\/api.w.org\/{rel}","templated":true}]}}