{"id":162798,"date":"2017-05-05T08:33:27","date_gmt":"2017-05-05T06:33:27","guid":{"rendered":"http:\/\/www.fuldaer-nachrichten.de\/?p=162798"},"modified":"2017-05-05T08:33:27","modified_gmt":"2017-05-05T06:33:27","slug":"familienbuendnis-handlungsfeld-migration-und-integration-trifft-sich-in-lauterbach","status":"publish","type":"post","link":"https:\/\/www.fuldaernachrichten.de\/?p=162798","title":{"rendered":"Familienb\u00fcndnis: Handlungsfeld \u201eMigration und Integration\u201c trifft sich in Lauterbach"},"content":{"rendered":"<p>Am Donnerstag, 11. Mai, treffen sich die Interessierten aus dem Handlungsfeld \u201eMigration und Integration\u201c um 16 Uhr im Sitzungssaal des Landratsamtes in Lauterbach, Goldhelg 20. Die Sprecherin und der Sprecher der Gruppe, Gleichstellungs- und Migrationsbeauftragte Magdalena Pitzer und Sachgebietsleiter Hans-Ulrich Merle, hoffen auf rege Beteiligung.<\/p>\n<p>In der Sitzung wird es einen R\u00fcckblick geben \u00fcber die Treffen der Runden Tische.  Des Weiteren wird das F\u00f6rderprogramm des Landes \u201eEhrenamtliche Fl\u00fcchtlingshilfe\u201c vorgestellt.<\/p>\n<p>Informationen \u00fcber die Koordinierungsstelle des Familienb\u00fcndnisses in der Kreisverwaltung: Telefon 06641\/977-3404, sandra.obenhack@vogelsbergkreis.de.<\/p>\n","protected":false},"excerpt":{"rendered":"<div class=\"tmnf_excerpt\"><p>Am Donnerstag, 11. Mai, treffen sich die Interessierten aus dem Handlungsfeld \u201eMigration und Integration\u201c um 16 Uhr im Sitzungssaal des Landratsamtes in Lauterbach, Goldhelg 20. Die Sprecherin und der Sprecher der Gruppe, Gleichstellungs- und Migrationsbeauftragte Magdalena Pitzer und Sachgebietsleiter Hans-Ulrich Merle, hoffen auf rege Beteiligung. In der Sitzung wird es einen R\u00fcckblick geben \u00fcber die &hellip;<\/p>\n<\/div>","protected":false},"author":1,"featured_media":0,"comment_status":"closed","ping_status":"closed","sticky":false,"template":"","format":"standard","meta":{"footnotes":""},"categories":[1],"tags":[],"class_list":["post-162798","post","type-post","status-publish","format-standard","hentry","category-startseite"],"_links":{"self":[{"href":"https:\/\/www.fuldaernachrichten.de\/index.php?rest_route=\/wp\/v2\/posts\/162798","targetHints":{"allow":["GET"]}}],"collection":[{"href":"https:\/\/www.fuldaernachrichten.de\/index.php?rest_route=\/wp\/v2\/posts"}],"about":[{"href":"https:\/\/www.fuldaernachrichten.de\/index.php?rest_route=\/wp\/v2\/types\/post"}],"author":[{"embeddable":true,"href":"https:\/\/www.fuldaernachrichten.de\/index.php?rest_route=\/wp\/v2\/users\/1"}],"replies":[{"embeddable":true,"href":"https:\/\/www.fuldaernachrichten.de\/index.php?rest_route=%2Fwp%2Fv2%2Fcomments&post=162798"}],"version-history":[{"count":1,"href":"https:\/\/www.fuldaernachrichten.de\/index.php?rest_route=\/wp\/v2\/posts\/162798\/revisions"}],"predecessor-version":[{"id":162800,"href":"https:\/\/www.fuldaernachrichten.de\/index.php?rest_route=\/wp\/v2\/posts\/162798\/revisions\/162800"}],"wp:attachment":[{"href":"https:\/\/www.fuldaernachrichten.de\/index.php?rest_route=%2Fwp%2Fv2%2Fmedia&parent=162798"}],"wp:term":[{"taxonomy":"category","embeddable":true,"href":"https:\/\/www.fuldaernachrichten.de\/index.php?rest_route=%2Fwp%2Fv2%2Fcategories&post=162798"},{"taxonomy":"post_tag","embeddable":true,"href":"https:\/\/www.fuldaernachrichten.de\/index.php?rest_route=%2Fwp%2Fv2%2Ftags&post=162798"}],"curies":[{"name":"wp","href":"https:\/\/api.w.org\/{rel}","templated":true}]}}